
{"id":227990,"date":"2021-06-26T12:16:00","date_gmt":"2021-06-26T11:16:00","guid":{"rendered":"https:\/\/kyb-europe.com\/svenska\/?p=227990"},"modified":"2021-09-01T15:02:11","modified_gmt":"2021-09-01T14:02:11","slug":"kyb-fornyar-stodet-for-wrx","status":"publish","type":"post","link":"https:\/\/kyb-europe.com\/svenska\/blog\/kyb-fornyar-stodet-for-wrx\/","title":{"rendered":"KYB f\u00f6rnyar st\u00f6det f\u00f6r WRX"},"content":{"rendered":"\r\n<p>V\u00e4rldsm\u00e4stare, KYB EKS JC-teamet och den trefaldiga FIA-v\u00e4rldsm\u00e4stare i Rallycross Johan Kristoffersson sl\u00e5r sig samman i kampen om FIA World RX 2021-titeln. Kristoffersson ansluter sig till belgaren Enzo Ides lag d\u00e4r b\u00e5da f\u00f6rarna anv\u00e4nder sig av KYB-st\u00f6td\u00e4mpare och elektronisk servostyrning hos den senaste generationens Audi S1 \u200b\u200bEKS RX quattro<br \/><br \/>\u201dOm du inte kan besegra den, ska du ansluta den till den&#8221; s\u00e4ger \u00e4garen till KYP EKS JC laget Mattias Ekstr\u00f6m. \u201dJohan och jag har haft m\u00e5nga sp\u00e4nnande t\u00e4vlingar tillsammans och jag tror att alla kan vara \u00f6verens om att han har exceptionella f\u00f6rm\u00e5gor vilket g\u00f6r att han passar perfekt till KYB EKS JC 2021-kampanjen d\u00e4r m\u00e5let \u00e4r att anta utmaningen igen om att vinna b\u00e5da titlarna f\u00f6r det b\u00e4sta laget och den b\u00e4sta f\u00f6raren.\u201d<br \/><br \/>Den 32 \u00e5rige svensken har slutf\u00f6rt 36 World RX t\u00e4vlingar p\u00e5 prispallen d\u00e4r 24 t\u00e4vlingar avslutades med f\u00f6rstaplatsvinster.\u00a0 Kristoffersson har inte bara vunnit tre World Rallycross-titlar (2017, 2018, 2020) utan ocks\u00e5 tre Porsche Carrera Cup Scandinavia-titlar, tv\u00e5 Scandinavian Touring Car Championship-titlar och en Superstars International Series-titel. Han \u00e4r f\u00f6r n\u00e4rvarande h\u00f6gst upp p\u00e5 topplistan f\u00f6r Extreme E med lagkamraten Molly Taylor och har vunnit 2 av 2 omg\u00e5ngar f\u00f6r Rosberg Racing.<\/p>\r\n\r\n\r\n\r\n<p>\u201dFramf\u00f6r allt \u00e4r jag mycket glad att kunna k\u00f6ra hela FIA World RX-s\u00e4songen och att g\u00f6ra det med ett nytt lag \u00e4r som en ny utmaning f\u00f6r mig&#8221;, s\u00e4ger Johan Kristofferson. \u201dKYB EKS JC vet hur man vinner t\u00e4vlingar och m\u00e4sterskap. Efter de tv\u00e5 f\u00f6rsta testdagarna kan vi se att vi kan l\u00e4ra av varandra och f\u00e5 nya erfarenheter. Joel Christoffersson och hela laget \u00e4r mycket engagerade och motiverade f\u00f6r att uppn\u00e5 m\u00e5let att f\u00f6rsvara titeln som b\u00e4sta f\u00f6rare och tillsammans med Enzo \u00e4ven titeln f\u00f6r det b\u00e4sta laget\u201d<\/p>\r\n\r\n\r\n\r\n<p>\u201dJohan \u00e4r den mest framg\u00e5ngsrika World RX f\u00f6raren hittills och jag \u00e4r v\u00e4ldigt glad att vi med st\u00f6d fr\u00e5n Red Bull, Ravenola, KYB och Bl\u00e5kl\u00e4der kan ha honom i v\u00e5rt team tillsammans med Enzo. Hans erfarenhet och kunskap kommer att hj\u00e4lpa oss att vidareutvecklas. Enzo kommer dessutom f\u00e5 m\u00f6jligheten att l\u00e4ra sig fr\u00e5n de b\u00e4sta. Vi kommer att forts\u00e4tta v\u00e5ra tester f\u00f6re s\u00e4songen och jag \u00e4r s\u00e4ker p\u00e5 att vi kommer att se till att v\u00e5ra motst\u00e5ndare m\u00e5ste arbeta h\u00e5rt, s\u00e4ger KYB EKS teamchef JC Joel Christoffersson. &#8221;2021 kommer bli ett speciellt \u00e5r f\u00f6r KYB EKS JC d\u00e5 vi kommer att k\u00f6ra v\u00e5ra bilar i tre m\u00e4sterskap &#8211; FIA World RX, Nitro Rallycross (USA) och RallyX Nordic.\u201d WRX \u00e4ger rum p\u00e5 banor som \u00e4r en blandning av rallybanor och racerbanor och best\u00e5r av 7 stycken tv\u00e5dagarsevenemang i hela Europa. F\u00f6rare \u00e4r utrustade med RX Supercars-bilar med \u00f6ver 600 h\u00e4stkrafter med en accelerationshastighet fr\u00e5n 0-100 km \/ h p\u00e5 mindre \u00e4n tv\u00e5 sekunder. Du hittar aktuell information om World RX p\u00e5 KYB: s sociala medier.<\/p>\r\n","protected":false},"excerpt":{"rendered":"<p>V\u00e4rldsm\u00e4stare, KYB EKS JC-teamet och den trefaldiga FIA-v\u00e4rldsm\u00e4stare i Rallycross<a href=\"https:\/\/kyb-europe.com\/svenska\/blog\/kyb-fornyar-stodet-for-wrx\/\">&#8230;<\/a><\/p>\n","protected":false},"author":3,"featured_media":228005,"comment_status":"closed","ping_status":"closed","sticky":false,"template":"","format":"standard","meta":{"_acf_changed":false,"footnotes":""},"categories":[1],"tags":[],"class_list":["post-227990","post","type-post","status-publish","format-standard","has-post-thumbnail","hentry","category-pressmeddelande"],"acf":[],"yoast_head":"<!-- This site is optimized with the Yoast SEO plugin v27.4 - https:\/\/yoast.com\/product\/yoast-seo-wordpress\/ -->\n<title>KYB f\u00f6rnyar st\u00f6det f\u00f6r WRX - Svenska<\/title>\n<meta name=\"robots\" content=\"index, follow, max-snippet:-1, max-image-preview:large, max-video-preview:-1\" \/>\n<link rel=\"canonical\" href=\"https:\/\/kyb-europe.com\/svenska\/blog\/kyb-fornyar-stodet-for-wrx\/\" \/>\n<meta property=\"og:locale\" content=\"sv_SE\" \/>\n<meta property=\"og:type\" content=\"article\" \/>\n<meta property=\"og:title\" content=\"KYB f\u00f6rnyar st\u00f6det f\u00f6r WRX - Svenska\" \/>\n<meta property=\"og:description\" content=\"V\u00e4rldsm\u00e4stare, KYB EKS JC-teamet och den trefaldiga FIA-v\u00e4rldsm\u00e4stare i Rallycross...\" \/>\n<meta property=\"og:url\" content=\"https:\/\/kyb-europe.com\/svenska\/blog\/kyb-fornyar-stodet-for-wrx\/\" \/>\n<meta property=\"og:site_name\" content=\"Svenska\" \/>\n<meta property=\"article:published_time\" content=\"2021-06-26T11:16:00+00:00\" \/>\n<meta property=\"article:modified_time\" content=\"2021-09-01T14:02:11+00:00\" \/>\n<meta property=\"og:image\" content=\"https:\/\/kyb-europe.com\/svenska\/wp-content\/uploads\/sites\/53\/2021\/06\/KYBEKSJC-Car-scaled.jpg\" \/>\n\t<meta property=\"og:image:width\" content=\"2560\" \/>\n\t<meta property=\"og:image:height\" content=\"1706\" \/>\n\t<meta property=\"og:image:type\" content=\"image\/jpeg\" \/>\n<meta name=\"author\" content=\"sueclough\" \/>\n<meta name=\"twitter:card\" content=\"summary_large_image\" \/>\n<meta name=\"twitter:label1\" content=\"Skriven av\" \/>\n\t<meta name=\"twitter:data1\" content=\"sueclough\" \/>\n\t<meta name=\"twitter:label2\" content=\"Ber\u00e4knad l\u00e4stid\" \/>\n\t<meta name=\"twitter:data2\" content=\"3 minuter\" \/>\n<script type=\"application\/ld+json\" class=\"yoast-schema-graph\">{\"@context\":\"https:\\\/\\\/schema.org\",\"@graph\":[{\"@type\":\"Article\",\"@id\":\"https:\\\/\\\/kyb-europe.com\\\/svenska\\\/blog\\\/kyb-fornyar-stodet-for-wrx\\\/#article\",\"isPartOf\":{\"@id\":\"https:\\\/\\\/kyb-europe.com\\\/svenska\\\/blog\\\/kyb-fornyar-stodet-for-wrx\\\/\"},\"author\":{\"name\":\"sueclough\",\"@id\":\"https:\\\/\\\/kyb-europe.com\\\/svenska\\\/#\\\/schema\\\/person\\\/ff46991e9eec3c8ee4075b215954a453\"},\"headline\":\"KYB f\u00f6rnyar st\u00f6det f\u00f6r WRX\",\"datePublished\":\"2021-06-26T11:16:00+00:00\",\"dateModified\":\"2021-09-01T14:02:11+00:00\",\"mainEntityOfPage\":{\"@id\":\"https:\\\/\\\/kyb-europe.com\\\/svenska\\\/blog\\\/kyb-fornyar-stodet-for-wrx\\\/\"},\"wordCount\":540,\"publisher\":{\"@id\":\"https:\\\/\\\/kyb-europe.com\\\/svenska\\\/#organization\"},\"image\":{\"@id\":\"https:\\\/\\\/kyb-europe.com\\\/svenska\\\/blog\\\/kyb-fornyar-stodet-for-wrx\\\/#primaryimage\"},\"thumbnailUrl\":\"https:\\\/\\\/kyb-europe.com\\\/svenska\\\/wp-content\\\/uploads\\\/sites\\\/53\\\/2021\\\/06\\\/KYBEKSJC-Car-scaled.jpg\",\"articleSection\":[\"Pressmeddelande\"],\"inLanguage\":\"sv-SE\"},{\"@type\":\"WebPage\",\"@id\":\"https:\\\/\\\/kyb-europe.com\\\/svenska\\\/blog\\\/kyb-fornyar-stodet-for-wrx\\\/\",\"url\":\"https:\\\/\\\/kyb-europe.com\\\/svenska\\\/blog\\\/kyb-fornyar-stodet-for-wrx\\\/\",\"name\":\"KYB f\u00f6rnyar st\u00f6det f\u00f6r WRX - Svenska\",\"isPartOf\":{\"@id\":\"https:\\\/\\\/kyb-europe.com\\\/svenska\\\/#website\"},\"primaryImageOfPage\":{\"@id\":\"https:\\\/\\\/kyb-europe.com\\\/svenska\\\/blog\\\/kyb-fornyar-stodet-for-wrx\\\/#primaryimage\"},\"image\":{\"@id\":\"https:\\\/\\\/kyb-europe.com\\\/svenska\\\/blog\\\/kyb-fornyar-stodet-for-wrx\\\/#primaryimage\"},\"thumbnailUrl\":\"https:\\\/\\\/kyb-europe.com\\\/svenska\\\/wp-content\\\/uploads\\\/sites\\\/53\\\/2021\\\/06\\\/KYBEKSJC-Car-scaled.jpg\",\"datePublished\":\"2021-06-26T11:16:00+00:00\",\"dateModified\":\"2021-09-01T14:02:11+00:00\",\"inLanguage\":\"sv-SE\",\"potentialAction\":[{\"@type\":\"ReadAction\",\"target\":[\"https:\\\/\\\/kyb-europe.com\\\/svenska\\\/blog\\\/kyb-fornyar-stodet-for-wrx\\\/\"]}]},{\"@type\":\"ImageObject\",\"inLanguage\":\"sv-SE\",\"@id\":\"https:\\\/\\\/kyb-europe.com\\\/svenska\\\/blog\\\/kyb-fornyar-stodet-for-wrx\\\/#primaryimage\",\"url\":\"https:\\\/\\\/kyb-europe.com\\\/svenska\\\/wp-content\\\/uploads\\\/sites\\\/53\\\/2021\\\/06\\\/KYBEKSJC-Car-scaled.jpg\",\"contentUrl\":\"https:\\\/\\\/kyb-europe.com\\\/svenska\\\/wp-content\\\/uploads\\\/sites\\\/53\\\/2021\\\/06\\\/KYBEKSJC-Car-scaled.jpg\",\"width\":2560,\"height\":1706},{\"@type\":\"WebSite\",\"@id\":\"https:\\\/\\\/kyb-europe.com\\\/svenska\\\/#website\",\"url\":\"https:\\\/\\\/kyb-europe.com\\\/svenska\\\/\",\"name\":\"Svenska\",\"description\":\"Our Precision, Your Advantage\",\"publisher\":{\"@id\":\"https:\\\/\\\/kyb-europe.com\\\/svenska\\\/#organization\"},\"potentialAction\":[{\"@type\":\"SearchAction\",\"target\":{\"@type\":\"EntryPoint\",\"urlTemplate\":\"https:\\\/\\\/kyb-europe.com\\\/svenska\\\/?s={search_term_string}\"},\"query-input\":{\"@type\":\"PropertyValueSpecification\",\"valueRequired\":true,\"valueName\":\"search_term_string\"}}],\"inLanguage\":\"sv-SE\"},{\"@type\":\"Organization\",\"@id\":\"https:\\\/\\\/kyb-europe.com\\\/svenska\\\/#organization\",\"name\":\"Svenska\",\"url\":\"https:\\\/\\\/kyb-europe.com\\\/svenska\\\/\",\"logo\":{\"@type\":\"ImageObject\",\"inLanguage\":\"sv-SE\",\"@id\":\"https:\\\/\\\/kyb-europe.com\\\/svenska\\\/#\\\/schema\\\/logo\\\/image\\\/\",\"url\":\"https:\\\/\\\/kyb-europe.com\\\/svenska\\\/wp-content\\\/uploads\\\/sites\\\/53\\\/2016\\\/12\\\/kyb_logo.png\",\"contentUrl\":\"https:\\\/\\\/kyb-europe.com\\\/svenska\\\/wp-content\\\/uploads\\\/sites\\\/53\\\/2016\\\/12\\\/kyb_logo.png\",\"width\":295,\"height\":92,\"caption\":\"Svenska\"},\"image\":{\"@id\":\"https:\\\/\\\/kyb-europe.com\\\/svenska\\\/#\\\/schema\\\/logo\\\/image\\\/\"}},{\"@type\":\"Person\",\"@id\":\"https:\\\/\\\/kyb-europe.com\\\/svenska\\\/#\\\/schema\\\/person\\\/ff46991e9eec3c8ee4075b215954a453\",\"name\":\"sueclough\",\"image\":{\"@type\":\"ImageObject\",\"inLanguage\":\"sv-SE\",\"@id\":\"https:\\\/\\\/secure.gravatar.com\\\/avatar\\\/43891ec13d5d8c278782a69cbfddde82f11b9005f84c6f4d816780e3d4f4fa06?s=96&d=mm&r=g\",\"url\":\"https:\\\/\\\/secure.gravatar.com\\\/avatar\\\/43891ec13d5d8c278782a69cbfddde82f11b9005f84c6f4d816780e3d4f4fa06?s=96&d=mm&r=g\",\"contentUrl\":\"https:\\\/\\\/secure.gravatar.com\\\/avatar\\\/43891ec13d5d8c278782a69cbfddde82f11b9005f84c6f4d816780e3d4f4fa06?s=96&d=mm&r=g\",\"caption\":\"sueclough\"},\"url\":\"https:\\\/\\\/kyb-europe.com\\\/svenska\\\/blog\\\/author\\\/sueclough\\\/\"}]}<\/script>\n<!-- \/ Yoast SEO plugin. -->","yoast_head_json":{"title":"KYB f\u00f6rnyar st\u00f6det f\u00f6r WRX - Svenska","robots":{"index":"index","follow":"follow","max-snippet":"max-snippet:-1","max-image-preview":"max-image-preview:large","max-video-preview":"max-video-preview:-1"},"canonical":"https:\/\/kyb-europe.com\/svenska\/blog\/kyb-fornyar-stodet-for-wrx\/","og_locale":"sv_SE","og_type":"article","og_title":"KYB f\u00f6rnyar st\u00f6det f\u00f6r WRX - Svenska","og_description":"V\u00e4rldsm\u00e4stare, KYB EKS JC-teamet och den trefaldiga FIA-v\u00e4rldsm\u00e4stare i Rallycross...","og_url":"https:\/\/kyb-europe.com\/svenska\/blog\/kyb-fornyar-stodet-for-wrx\/","og_site_name":"Svenska","article_published_time":"2021-06-26T11:16:00+00:00","article_modified_time":"2021-09-01T14:02:11+00:00","og_image":[{"width":2560,"height":1706,"url":"https:\/\/kyb-europe.com\/svenska\/wp-content\/uploads\/sites\/53\/2021\/06\/KYBEKSJC-Car-scaled.jpg","type":"image\/jpeg"}],"author":"sueclough","twitter_card":"summary_large_image","twitter_misc":{"Skriven av":"sueclough","Ber\u00e4knad l\u00e4stid":"3 minuter"},"schema":{"@context":"https:\/\/schema.org","@graph":[{"@type":"Article","@id":"https:\/\/kyb-europe.com\/svenska\/blog\/kyb-fornyar-stodet-for-wrx\/#article","isPartOf":{"@id":"https:\/\/kyb-europe.com\/svenska\/blog\/kyb-fornyar-stodet-for-wrx\/"},"author":{"name":"sueclough","@id":"https:\/\/kyb-europe.com\/svenska\/#\/schema\/person\/ff46991e9eec3c8ee4075b215954a453"},"headline":"KYB f\u00f6rnyar st\u00f6det f\u00f6r WRX","datePublished":"2021-06-26T11:16:00+00:00","dateModified":"2021-09-01T14:02:11+00:00","mainEntityOfPage":{"@id":"https:\/\/kyb-europe.com\/svenska\/blog\/kyb-fornyar-stodet-for-wrx\/"},"wordCount":540,"publisher":{"@id":"https:\/\/kyb-europe.com\/svenska\/#organization"},"image":{"@id":"https:\/\/kyb-europe.com\/svenska\/blog\/kyb-fornyar-stodet-for-wrx\/#primaryimage"},"thumbnailUrl":"https:\/\/kyb-europe.com\/svenska\/wp-content\/uploads\/sites\/53\/2021\/06\/KYBEKSJC-Car-scaled.jpg","articleSection":["Pressmeddelande"],"inLanguage":"sv-SE"},{"@type":"WebPage","@id":"https:\/\/kyb-europe.com\/svenska\/blog\/kyb-fornyar-stodet-for-wrx\/","url":"https:\/\/kyb-europe.com\/svenska\/blog\/kyb-fornyar-stodet-for-wrx\/","name":"KYB f\u00f6rnyar st\u00f6det f\u00f6r WRX - Svenska","isPartOf":{"@id":"https:\/\/kyb-europe.com\/svenska\/#website"},"primaryImageOfPage":{"@id":"https:\/\/kyb-europe.com\/svenska\/blog\/kyb-fornyar-stodet-for-wrx\/#primaryimage"},"image":{"@id":"https:\/\/kyb-europe.com\/svenska\/blog\/kyb-fornyar-stodet-for-wrx\/#primaryimage"},"thumbnailUrl":"https:\/\/kyb-europe.com\/svenska\/wp-content\/uploads\/sites\/53\/2021\/06\/KYBEKSJC-Car-scaled.jpg","datePublished":"2021-06-26T11:16:00+00:00","dateModified":"2021-09-01T14:02:11+00:00","inLanguage":"sv-SE","potentialAction":[{"@type":"ReadAction","target":["https:\/\/kyb-europe.com\/svenska\/blog\/kyb-fornyar-stodet-for-wrx\/"]}]},{"@type":"ImageObject","inLanguage":"sv-SE","@id":"https:\/\/kyb-europe.com\/svenska\/blog\/kyb-fornyar-stodet-for-wrx\/#primaryimage","url":"https:\/\/kyb-europe.com\/svenska\/wp-content\/uploads\/sites\/53\/2021\/06\/KYBEKSJC-Car-scaled.jpg","contentUrl":"https:\/\/kyb-europe.com\/svenska\/wp-content\/uploads\/sites\/53\/2021\/06\/KYBEKSJC-Car-scaled.jpg","width":2560,"height":1706},{"@type":"WebSite","@id":"https:\/\/kyb-europe.com\/svenska\/#website","url":"https:\/\/kyb-europe.com\/svenska\/","name":"Svenska","description":"Our Precision, Your Advantage","publisher":{"@id":"https:\/\/kyb-europe.com\/svenska\/#organization"},"potentialAction":[{"@type":"SearchAction","target":{"@type":"EntryPoint","urlTemplate":"https:\/\/kyb-europe.com\/svenska\/?s={search_term_string}"},"query-input":{"@type":"PropertyValueSpecification","valueRequired":true,"valueName":"search_term_string"}}],"inLanguage":"sv-SE"},{"@type":"Organization","@id":"https:\/\/kyb-europe.com\/svenska\/#organization","name":"Svenska","url":"https:\/\/kyb-europe.com\/svenska\/","logo":{"@type":"ImageObject","inLanguage":"sv-SE","@id":"https:\/\/kyb-europe.com\/svenska\/#\/schema\/logo\/image\/","url":"https:\/\/kyb-europe.com\/svenska\/wp-content\/uploads\/sites\/53\/2016\/12\/kyb_logo.png","contentUrl":"https:\/\/kyb-europe.com\/svenska\/wp-content\/uploads\/sites\/53\/2016\/12\/kyb_logo.png","width":295,"height":92,"caption":"Svenska"},"image":{"@id":"https:\/\/kyb-europe.com\/svenska\/#\/schema\/logo\/image\/"}},{"@type":"Person","@id":"https:\/\/kyb-europe.com\/svenska\/#\/schema\/person\/ff46991e9eec3c8ee4075b215954a453","name":"sueclough","image":{"@type":"ImageObject","inLanguage":"sv-SE","@id":"https:\/\/secure.gravatar.com\/avatar\/43891ec13d5d8c278782a69cbfddde82f11b9005f84c6f4d816780e3d4f4fa06?s=96&d=mm&r=g","url":"https:\/\/secure.gravatar.com\/avatar\/43891ec13d5d8c278782a69cbfddde82f11b9005f84c6f4d816780e3d4f4fa06?s=96&d=mm&r=g","contentUrl":"https:\/\/secure.gravatar.com\/avatar\/43891ec13d5d8c278782a69cbfddde82f11b9005f84c6f4d816780e3d4f4fa06?s=96&d=mm&r=g","caption":"sueclough"},"url":"https:\/\/kyb-europe.com\/svenska\/blog\/author\/sueclough\/"}]}},"_links":{"self":[{"href":"https:\/\/kyb-europe.com\/svenska\/wp-json\/wp\/v2\/posts\/227990","targetHints":{"allow":["GET"]}}],"collection":[{"href":"https:\/\/kyb-europe.com\/svenska\/wp-json\/wp\/v2\/posts"}],"about":[{"href":"https:\/\/kyb-europe.com\/svenska\/wp-json\/wp\/v2\/types\/post"}],"author":[{"embeddable":true,"href":"https:\/\/kyb-europe.com\/svenska\/wp-json\/wp\/v2\/users\/3"}],"replies":[{"embeddable":true,"href":"https:\/\/kyb-europe.com\/svenska\/wp-json\/wp\/v2\/comments?post=227990"}],"version-history":[{"count":1,"href":"https:\/\/kyb-europe.com\/svenska\/wp-json\/wp\/v2\/posts\/227990\/revisions"}],"predecessor-version":[{"id":228006,"href":"https:\/\/kyb-europe.com\/svenska\/wp-json\/wp\/v2\/posts\/227990\/revisions\/228006"}],"wp:featuredmedia":[{"embeddable":true,"href":"https:\/\/kyb-europe.com\/svenska\/wp-json\/wp\/v2\/media\/228005"}],"wp:attachment":[{"href":"https:\/\/kyb-europe.com\/svenska\/wp-json\/wp\/v2\/media?parent=227990"}],"wp:term":[{"taxonomy":"category","embeddable":true,"href":"https:\/\/kyb-europe.com\/svenska\/wp-json\/wp\/v2\/categories?post=227990"},{"taxonomy":"post_tag","embeddable":true,"href":"https:\/\/kyb-europe.com\/svenska\/wp-json\/wp\/v2\/tags?post=227990"}],"curies":[{"name":"wp","href":"https:\/\/api.w.org\/{rel}","templated":true}]}}