
{"id":227980,"date":"2021-05-14T16:33:00","date_gmt":"2021-05-14T15:33:00","guid":{"rendered":"https:\/\/kyb-europe.com\/svenska\/?p=227980"},"modified":"2021-09-01T15:07:46","modified_gmt":"2021-09-01T14:07:46","slug":"intervju-med-mats-ohman","status":"publish","type":"post","link":"https:\/\/kyb-europe.com\/svenska\/blog\/intervju-med-mats-ohman\/","title":{"rendered":"Intervju med Mats \u00d6hman"},"content":{"rendered":"\r\n<p>Mats \u00d6hman \u00e4r en svensk rallycrossf\u00f6rare som fick en skada p\u00e5 ryggraden och blev f\u00f6rlamad fr\u00e5n midjan och ner\u00e5t till f\u00f6ljd av en skoterolycka i\u00a01998. Han var en fantastisk f\u00f6rare i\u00a0skotercross \u2013 han var Sverigem\u00e4stare sju g\u00e5nger, vann 2 Nordiska m\u00e4sterskap och var Europam\u00e4stare. I\u00a010\u00a0\u00e5r startade han \u00e4ven som motocrossf\u00f6rare.<\/p>\r\n\r\n\r\n\r\n<p>\u00c4ven om han skadades b\u00f6rjade han t\u00e4vla igen tre \u00e5r efter olyckan och sedan dess har han deltagit i\u00a0v\u00e4rldsm\u00e4sterskap och Europam\u00e4sterskap i\u00a0rallycross med hj\u00e4lp av en speciellt anpassad bil.<\/p>\r\n\r\n\r\n\r\n<p>Vi p\u00e5 KYB Europe hade m\u00f6jlighet att intervjua Mats vid slutet av s\u00e4songen 2020 n\u00e4r hans bil var utrustad med en KYB:s elektroniska servostyrning och st\u00f6td\u00e4mpare.<\/p>\r\n\r\n\r\n\r\n<p><strong>Beskriv din bils interi\u00f6r, hur fungerar allt detta?<\/strong><\/p>\r\n\r\n\r\n\r\n<p>Min r\u00f6relsef\u00f6rm\u00e5ga \u00e4r fortfarande d\u00e5lig, jag tror att den \u00e4r ca. 10\u00a0% nu. Jag \u00e4r helt f\u00f6rlamad fr\u00e5n armh\u00e5lan och ned\u00e5t, jag har lite k\u00e4nsel och r\u00f6rlighet i\u00a0armarna men ingenting i\u00a0fingrarna, tyv\u00e4rr. Allt kontrollerar jag allts\u00e5 med \u00f6verdelen av kroppen och d\u00e4rf\u00f6r har jag inga pedaler alls. Jag startar med en knapp i\u00a0munnen. Ist\u00e4llet f\u00f6r ratten har jag en speciell knopp p\u00e5 en spak som jag man\u00f6vrerar med den v\u00e4nstra armen. Resten kontrollerar jag med den h\u00f6gra handen. Gasen \u00e4r fram\u00e5t och bromsen \u00e4r bak\u00e5t. Jag v\u00e4xlar med en armb\u00e5ge genom att f\u00f6ra den upp och ner. Genom att vagga fr\u00e5n sida till sida kan jag anv\u00e4nda kopplingen p\u00e5 den ena sidan och parkeringsbromsen \u2013 p\u00e5 den andra.<\/p>\r\n\r\n\r\n\r\n<p>Vi \u00e4ndrade ramen s\u00e5 att jag kunde stiga i\u00a0och ur bilen sj\u00e4lv. Eftersom min kropp \u00e4r f\u00f6rlamad har \u00e4ven bils\u00e4tet designats om. Det har sidost\u00f6d som h\u00e5ller mig stadigt och g\u00f6r att jag \u00e4r styvare. Sedan m\u00e5ste grabbarna sp\u00e4nna fast s\u00e4kerhetsb\u00e4ltet riktigt h\u00e5rt s\u00e5 att jag kan sitta stabilt \u2013 efter t\u00e4vling har jag alltid ont i\u00a0nyckelbenet.<br \/><br \/><\/p>\r\n\r\n\r\n\r\n<p><strong>Har n\u00e5gra innovativa l\u00f6sningar som verkligen f\u00f6rb\u00e4ttrat bilen f\u00f6r dig och dina behov inf\u00f6rts under de senaste \u00e5ren?<\/strong><\/p>\r\n\r\n\r\n\r\n<p>Jag b\u00f6rjade fr\u00e5n rallycross i\u00a02001 s\u00e5 jag kan s\u00e4ga att det verkligen finns m\u00e5nga kula saker nu j\u00e4mf\u00f6rt med tiden n\u00e4r jag b\u00f6rjade. V\u00e4xlingssystemet, kopplingen som jag kan styra och s\u00e5 vidare \u2013 det g\u00e5r inte att j\u00e4mf\u00f6ras. Jag \u00e4r optimist s\u00e5 nu kan vi fokusera p\u00e5 att reglera ventiler, forts\u00e4tta jobbet med startsystemet och anpassa bilen efter det som jag planerat och jag tror att vi kommer att verkligen g\u00f6ra det bra! Jag \u00e4r inte s\u00e5 ung l\u00e4ngre men det \u00e4r inget hinder. Utvecklingen g\u00e5r mycket snabbt.<\/p>\r\n\r\n\r\n\r\n<p><strong>Ny Audi S1: hur mycket jobb beh\u00f6vdes f\u00f6r att bilda om den? Hur mycket tid tog det? Vad var den st\u00f6rsta utmaningen i\u00a0processen?<\/strong><\/p>\r\n\r\n\r\n\r\n<p>Fr\u00e5n 2001 har jag byggt m\u00e5nga bilar och utnyttjat s\u00e5 mycket tid som jag kunnat \u2013 jag har f\u00f6rs\u00f6kt n\u00e4stan allt. I\u00a0m\u00e5nga \u00e5r nu har jag haft ett f\u00e4rdigt koncept och system som fungerar som jag vill. Men det finns alltid konstruktioner som beh\u00f6ver sm\u00e5 f\u00f6rb\u00e4ttringar. F\u00f6r mig \u00e4r det otroligt viktigt att alla spakar och f\u00e4sten \u00e4r precis d\u00e4r de ska vara, annars kommer jag inte att n\u00e5 dem och f\u00f6ljaktligen kommer jag inte att kunna k\u00f6ra d\u00e5. D\u00e4rf\u00f6r \u00e4r det otroligt viktigt att vi hittar en r\u00e4tt plats f\u00f6r att montera dessa. Det tog n\u00e4stan 2,5\u00a0m\u00e5nader innan allt var p\u00e5 plats i\u00a0Audi. Nu \u00e4r jag n\u00e4stan helt n\u00f6jd.<\/p>\r\n\r\n\r\n\r\n<p>De andra f\u00f6rarna kan anv\u00e4nda handbromsen n\u00e4r de sv\u00e4nger men jag kan inte g\u00f6ra det, jag m\u00e5ste k\u00f6ra i\u00a0kurvor perfekt. Med min differentialv\u00e4xel k\u00f6r jag d\u00e4rf\u00f6r helt annorlunda \u00e4n alla andra. I\u00a0b\u00f6rjan hade jag ett litet problem men vi \u00e4ndrade sedan differentialv\u00e4xeln och st\u00e4llde den in p\u00e5 v\u00e5tt underlag, vilket fungerar f\u00f6r mig \u00e4ven p\u00e5 torrt underlag.<\/p>\r\n\r\n\r\n\r\n<p><strong>Vad \u00e4r problemet vid start? Under s\u00e4songens g\u00e5ng s\u00e5g det mycket b\u00e4ttre ut.<\/strong><\/p>\r\n\r\n\r\n\r\n<p>Starter \u00e4r det st\u00f6rsta problemet som vi har nu. Det beh\u00f6vs ett avancerat startsystem f\u00f6r att starta. I\u00a0b\u00f6rjan av s\u00e4songen var elektroniken inte f\u00e4rdig. Jag startade med munnen och det var en liten f\u00f6rsening s\u00e5 jag undrade i\u00a0b\u00f6rjan: \u201dHar jag redan blivit s\u00e5 gammal och l\u00e5ngsam?\u201d. Vi \u00f6vade detta och f\u00f6rb\u00e4ttrade starter \u00e4ven om det fortfarande inte \u00e4r det som vi str\u00e4var efter. I\u00a0rallycross \u00e4r starter otroligt viktiga s\u00e5 n\u00e4sta \u00e5r ska vi bygga om v\u00e5rt startsystem lite extra och vi ska g\u00f6ra allt m\u00f6jligt f\u00f6r att f\u00f6rb\u00e4ttra det.<\/p>\r\n\r\n\r\n\r\n<p><strong>Vad \u00e4r dina f\u00f6rsta tankar om KYB:s elektroniska servostyrning i\u00a0din Audi S1?<\/strong><\/p>\r\n\r\n\r\n\r\n<p>Eftersom mina muskler inte fungerar korrekt kontrollerar jag allt med min axel och arm men det \u00e4r underarmen som \u00e4r b\u00e4st. Jag beh\u00f6ver allts\u00e5 ha det enkelt och d\u00e4rf\u00f6r har jag dubbel servostyrning. Det \u00e4r KYB:s EPS som ansvarar f\u00f6r detta men jag har \u00e4ven en servostyrning direkt i\u00a0styrtransmissionen. F\u00f6rdelen med denna l\u00f6sning \u00e4r att jag kan st\u00e4lla in KYB:s EPS mer exakt, vilket g\u00f6r att b\u00e5da systemen fungerar l\u00e4ttare eller h\u00e5rdare. N\u00e4r jag hade EPS som fungerade f\u00f6r l\u00e4tt tidigare k\u00e4ndes det som om den n\u00e4stan vacklade f\u00f6r att den var mycket k\u00e4nslig men nu, vid slutet av s\u00e4songen, var den inst\u00e4lld s\u00e5 att den fungerade lite h\u00e5rdare. Den mer exakta justeringsm\u00f6jligheten \u00e4r mycket viktig f\u00f6r mig.<\/p>\r\n\r\n\r\n\r\n<p><strong>Samma fr\u00e5ga men om KYB:s st\u00f6td\u00e4mpare?<\/strong><\/p>\r\n\r\n\r\n\r\n<p>Det var en hel annan v\u00e4rld n\u00e4r jag testade KYB:s st\u00f6td\u00e4mpare f\u00f6rsta g\u00e5ngen \u2013 en helt annorlunda k\u00e4nsla vid landning, efter hoppet t\u00e4nkte jag \u00e4ven \u201dhar jag verkligen landat?\u201d. Helt otroligt j\u00e4mf\u00f6rt med de tidigare l\u00f6sningarna. Min kropp klarar inte st\u00f6tar s\u00e5 bra f\u00f6r att jag inte kan g\u00f6ra motst\u00e5nd men med KYB:s st\u00f6td\u00e4mpare landar jag utan problem. Det var en mycket bra f\u00f6r\u00e4ndring.<\/p>\r\n\r\n\r\n\r\n<p><strong>Ber\u00e4tta f\u00f6r oss, hur viktig korrekt inst\u00e4llning av st\u00f6td\u00e4mpare \u00e4r f\u00f6r att n\u00e5 framg\u00e5ng i\u00a0rallycross?<\/strong><\/p>\r\n\r\n\r\n\r\n<p>Wow! St\u00f6td\u00e4mpare \u00e4r otrolig viktiga! Utan dem spelar det ingen roll vilken motor du har i\u00a0bilen. St\u00f6td\u00e4mpare \u00e4r en hel vetenskap. N\u00e4r jag t\u00e4vlade i\u00a0skotercross fokuserade vi mycket p\u00e5 st\u00f6td\u00e4mparna. Jag skulle allts\u00e5 s\u00e4ga att jag har en stor erfarenhet i\u00a0\u00e4mnet men man kan aldrig veta allt eller vara perfekt. N\u00e4r du vet hur att anpassa bilen efter underlag och v\u00e4der \u00e4r dessa saker b\u00e5de fascinerande och otroligt viktiga. Det k\u00e4nns mycket bra att k\u00f6ra med dessa st\u00f6td\u00e4mpare och jag tycker att de hj\u00e4lper mig att k\u00f6ra bilen dit jag vill. Jag \u00e4r tacksam att jag kunde anv\u00e4nda KYB:s delar, det var en stor motivation till k\u00f6rning f\u00f6r mig.<\/p>\r\n\r\n\r\n\r\n<p><strong>Vad \u00e4r den st\u00f6rsta h\u00e4ndelsen i\u00a0din karri\u00e4r enligt dig?<\/strong><\/p>\r\n\r\n\r\n\r\n<p>Jag t\u00e4vlade i skotercross fr\u00e5n 1977 och i\u00a0rallycross fr\u00e5n 2001 s\u00e5 jag har n\u00e5gra \u00e5rs erfarenhet. De viktigaste skotercrossevenemangen \u00e4r Europam\u00e4sterskap, Nordiska m\u00e4sterskap och Svenska m\u00e4sterskap. I\u00a0rallycross vann jag n\u00e5gra medaljer i\u00a0Svenska m\u00e4sterskap Supercar och Supernational. Jag hade ocks\u00e5 framg\u00e5ngar i\u00a0Str\u00e4ngn\u00e4s i\u00a02010 som fortfarande \u00e4r aktuella.<\/p>\r\n\r\n\r\n\r\n<p>Jag fick \u00e4ven Sportspegelpriset p\u00e5 Svenska Idrottsgalan i\u00a02011 (det \u00e4r ett viktigt pris p\u00e5 den st\u00f6rsta svenska idrottsgalan). Jag skulle ha nominerats till \u00c5rets idrottare med funktionshinder men jag kunde inte f\u00f6r jag har t\u00e4vlat mot personer utan funktionshinder.<\/p>\r\n\r\n\r\n\r\n<p><strong>Har du redan planer f\u00f6r 2021?<\/strong><\/p>\r\n\r\n\r\n\r\n<p>Vi \u00e4r inte s\u00e4kra om t\u00e4vlingar kommer att \u00e4ga rum pga. covid-19-pandemin men jag vet att vi ska utveckla bilen vidare s\u00e5 att den \u00e4r f\u00e4rdig f\u00f6r t\u00e4vlingar. Vi ska f\u00f6rs\u00f6ka att g\u00e5 ett steg vidare j\u00e4mf\u00f6rt med f\u00f6rra \u00e5ret och det kommer s\u00e4kert att vara bra d\u00e5. Det viktigaste m\u00e5let f\u00f6r 2021 \u00e4r att f\u00f6rbereda bilen f\u00f6r t\u00e4vlingar p\u00e5 ett l\u00e4mpligt s\u00e4tt \u2013 d\u00e5 kan allt h\u00e4nda. Jag \u00e4r realist och jag vet att jag inte kommer att vara snabbast i\u00a0EM men dessa bilar \u00e4r riktigt bra s\u00e5 jag tror att de kommer att kvalificera sig till vissa finaler.<\/p>\r\n\r\n\r\n\r\n<p><strong>Vad har du f\u00f6r r\u00e5d f\u00f6r de som fick skador som f\u00f6r\u00e4ndrade deras liv? <\/strong><\/p>\r\n\r\n\r\n\r\n<p>Jag funderade p\u00e5 tv\u00e5 alternativ f\u00f6r mig: att l\u00e4gga mig ner eller g\u00f6ra n\u00e5got med mitt liv s\u00e5 att det ser ut som nu. Jag valde det andra. Det \u00e4r f\u00f6rst\u00e5s inte l\u00e4tt n\u00e4r du \u00e4r direkt efter olyckan. Jag hade ett allvarligt fysiskt funktionshinder och i\u00a0b\u00f6rjan trodde jag att jag bara skulle ligga i\u00a0s\u00e4ngen och beh\u00f6va en m\u00e5ng\u00e5rig och permanent v\u00e5rd. Jag kunde inte vidr\u00f6ra n\u00e4san, inte heller kl\u00e4 p\u00e5 mig \u2013 vad kunde jag g\u00f6ra i\u00a0livet? Men det \u00e4r viktigt att inte ge upp. Imorgon kommer en ny dag, oavsett i\u00a0vilket skick du \u00e4r och vilken inst\u00e4llning du har, morgondagen kommer alltid. Ingenting g\u00e5r lika snabbt som att kn\u00e4ppa med fingrarna men s\u00e5 ser ditt nya liv ut och du beh\u00f6ver tid f\u00f6r att bli van vid det. Det g\u00e5r att leva med funktionshinder.<\/p>\r\n\r\n\r\n\r\n<p>F\u00f6r mig \u00e4r rallycross den b\u00e4sta rehabiliteringen. I\u00a0bilen k\u00e4nner jag mig som en helt frisk m\u00e4nniska, som om allt i\u00a0min kropp fungerar igen. Det \u00e4r en magisk k\u00e4nsla n\u00e4r du har varit funktionshindrad s\u00e5 l\u00e4nge som jag. Till exempel n\u00e4r jag sitter i\u00a0bilen p\u00e5 startlinjen i\u00a0H\u00f6ljes och ser 50\u00a0000 m\u00e4nniskor som hurrar i\u00a0publiken. D\u00e5 blir jag medveten vad jag upplever, att jag kan g\u00f6ra det. Det finns f\u00e5 som upplever en s\u00e5dan lycka.<\/p>\r\n\r\n\r\n\r\n<p>Det finns tyv\u00e4rr f\u00e5 f\u00f6rare med funktionshinder i\u00a0motorsporten s\u00e5 vi beh\u00f6ver fler. Jag fick alltid f\u00f6lja min egen v\u00e4g och jag hade aldrig n\u00e5gon som var i\u00a0en liknande situation och som jag kunde prata med. Det skulle vara kul om flera funktionshindrade som man kan dela med sig av sina erfarenheter b\u00f6rjade t\u00e4vla. Jag har byggt om bilar i\u00a0m\u00e5nga \u00e5r och jag kan g\u00e4rna hj\u00e4lpa var och en som ber mig om tips.<\/p>\r\n\r\n\r\n\r\n<p><strong>En serie av korta fr\u00e5gor och svar:<\/strong><\/p>\r\n\r\n\r\n\r\n<p><strong>Din favoritbana f\u00f6r rallycross&#8230;<\/strong><\/p>\r\n\r\n\r\n\r\n<p>Str\u00e4ngn\u00e4s f\u00f6rst\u00e5s, i\u00a0H\u00f6ljes.<\/p>\r\n\r\n\r\n\r\n<p><strong>Den sv\u00e5raste rallycrossbanan&#8230;<\/strong><\/p>\r\n\r\n\r\n\r\n<p>Tierp (Sverige) \u00e4r mycket h\u00e5rd.<\/p>\r\n\r\n\r\n\r\n<p><strong>Din favoritbil f\u00f6r rallycross&#8230;<\/strong><\/p>\r\n\r\n\r\n\r\n<p>Min Audi S1 f\u00f6rst\u00e5s<\/p>\r\n\r\n\r\n\r\n<p><strong>Din idol&#8230;<\/strong><\/p>\r\n\r\n\r\n\r\n<p>Jag har inte n\u00e5gon exakt idol men det finns m\u00e5nga f\u00f6rare som \u00e4r fantastiska. S\u00e5dana legender som Valentino Rossi f\u00f6r MotoGP eller Stefan Everts f\u00f6r motocross.<\/p>\r\n\r\n\r\n\r\n<p><strong>Den st\u00f6rsta konkurrenten&#8230;<\/strong><\/p>\r\n\r\n\r\n\r\n<p>F\u00f6r mig sitter han i\u00a0min bil, det \u00e4r den sv\u00e5raste motst\u00e5ndaren som jag har n\u00e5gonsin haft.<\/p>\r\n\r\n\r\n\r\n<p><strong>Har ni n\u00e5gra ritualer f\u00f6re racing?<\/strong><\/p>\r\n\r\n\r\n\r\n<p>Nej, det tror jag inte. \u00c5 andra sidan vill jag att allt \u00e4r bra f\u00f6rberett men inte d\u00e4rf\u00f6r att jag tror att det ger lycka utan mer f\u00f6r att jag vill att allt g\u00e5r bra, utan problem.<\/p>\r\n\r\n\r\n\r\n<p><strong>Vad \u00e4r din favoritmat f\u00f6re racing?<\/strong><\/p>\r\n\r\n\r\n\r\n<p>P\u00e5 t\u00e4vlingsdagen \u00e4ter jag ganska mycket. Ingenting tungt, pasta eller n\u00e5got s\u00e5nt \u00e4r b\u00e4st.<\/p>\r\n\r\n\r\n\r\n<p><strong>Vad g\u00f6r du efter en racing f\u00f6r att koppla av och g\u00e5 ut ur detta &#8221;racingl\u00e4ge\u201d?<\/strong><\/p>\r\n\r\n\r\n\r\n<p>Efter en t\u00e4vling har jag det sv\u00e5rt att somna in f\u00f6r jag m\u00e5ste f\u00e5 allt klart i\u00a0huvudet. Det \u00e4r en viktig process f\u00f6r mig. Jag analyserar alla varv, tittar p\u00e5 filmen fr\u00e5n bilen, g\u00e5r igenom uppgifterna osv. Det \u00e4r f\u00f6rst n\u00e4sta dag n\u00e4r jag kan koppla av och jag \u00e4r verkligen utmattad efter\u00e5t.<\/p>\r\n","protected":false},"excerpt":{"rendered":"<p>Mats \u00d6hman \u00e4r en svensk rallycrossf\u00f6rare som fick en skada<a href=\"https:\/\/kyb-europe.com\/svenska\/blog\/intervju-med-mats-ohman\/\">&#8230;<\/a><\/p>\n","protected":false},"author":3,"featured_media":228009,"comment_status":"closed","ping_status":"closed","sticky":false,"template":"","format":"standard","meta":{"_acf_changed":false,"footnotes":""},"categories":[1],"tags":[],"class_list":["post-227980","post","type-post","status-publish","format-standard","has-post-thumbnail","hentry","category-pressmeddelande"],"acf":[],"yoast_head":"<!-- This site is optimized with the Yoast SEO plugin v27.4 - https:\/\/yoast.com\/product\/yoast-seo-wordpress\/ -->\n<title>Intervju med Mats \u00d6hman - Svenska<\/title>\n<meta name=\"robots\" content=\"index, follow, max-snippet:-1, max-image-preview:large, max-video-preview:-1\" \/>\n<link rel=\"canonical\" href=\"https:\/\/kyb-europe.com\/svenska\/blog\/intervju-med-mats-ohman\/\" \/>\n<meta property=\"og:locale\" content=\"sv_SE\" \/>\n<meta property=\"og:type\" content=\"article\" \/>\n<meta property=\"og:title\" content=\"Intervju med Mats \u00d6hman - Svenska\" \/>\n<meta property=\"og:description\" content=\"Mats \u00d6hman \u00e4r en svensk rallycrossf\u00f6rare som fick en skada...\" \/>\n<meta property=\"og:url\" content=\"https:\/\/kyb-europe.com\/svenska\/blog\/intervju-med-mats-ohman\/\" \/>\n<meta property=\"og:site_name\" content=\"Svenska\" \/>\n<meta property=\"article:published_time\" content=\"2021-05-14T15:33:00+00:00\" \/>\n<meta property=\"article:modified_time\" content=\"2021-09-01T14:07:46+00:00\" \/>\n<meta property=\"og:image\" content=\"https:\/\/kyb-europe.com\/svenska\/wp-content\/uploads\/sites\/53\/2021\/05\/Mats-Ohman-in-Car-scaled.jpg\" \/>\n\t<meta property=\"og:image:width\" content=\"2560\" \/>\n\t<meta property=\"og:image:height\" content=\"1707\" \/>\n\t<meta property=\"og:image:type\" content=\"image\/jpeg\" \/>\n<meta name=\"author\" content=\"sueclough\" \/>\n<meta name=\"twitter:card\" content=\"summary_large_image\" \/>\n<meta name=\"twitter:label1\" content=\"Skriven av\" \/>\n\t<meta name=\"twitter:data1\" content=\"sueclough\" \/>\n\t<meta name=\"twitter:label2\" content=\"Ber\u00e4knad l\u00e4stid\" \/>\n\t<meta name=\"twitter:data2\" content=\"8 minuter\" \/>\n<script type=\"application\/ld+json\" class=\"yoast-schema-graph\">{\"@context\":\"https:\\\/\\\/schema.org\",\"@graph\":[{\"@type\":\"Article\",\"@id\":\"https:\\\/\\\/kyb-europe.com\\\/svenska\\\/blog\\\/intervju-med-mats-ohman\\\/#article\",\"isPartOf\":{\"@id\":\"https:\\\/\\\/kyb-europe.com\\\/svenska\\\/blog\\\/intervju-med-mats-ohman\\\/\"},\"author\":{\"name\":\"sueclough\",\"@id\":\"https:\\\/\\\/kyb-europe.com\\\/svenska\\\/#\\\/schema\\\/person\\\/ff46991e9eec3c8ee4075b215954a453\"},\"headline\":\"Intervju med Mats \u00d6hman\",\"datePublished\":\"2021-05-14T15:33:00+00:00\",\"dateModified\":\"2021-09-01T14:07:46+00:00\",\"mainEntityOfPage\":{\"@id\":\"https:\\\/\\\/kyb-europe.com\\\/svenska\\\/blog\\\/intervju-med-mats-ohman\\\/\"},\"wordCount\":2114,\"publisher\":{\"@id\":\"https:\\\/\\\/kyb-europe.com\\\/svenska\\\/#organization\"},\"image\":{\"@id\":\"https:\\\/\\\/kyb-europe.com\\\/svenska\\\/blog\\\/intervju-med-mats-ohman\\\/#primaryimage\"},\"thumbnailUrl\":\"https:\\\/\\\/kyb-europe.com\\\/svenska\\\/wp-content\\\/uploads\\\/sites\\\/53\\\/2021\\\/05\\\/Mats-Ohman-in-Car-scaled.jpg\",\"articleSection\":[\"Pressmeddelande\"],\"inLanguage\":\"sv-SE\"},{\"@type\":\"WebPage\",\"@id\":\"https:\\\/\\\/kyb-europe.com\\\/svenska\\\/blog\\\/intervju-med-mats-ohman\\\/\",\"url\":\"https:\\\/\\\/kyb-europe.com\\\/svenska\\\/blog\\\/intervju-med-mats-ohman\\\/\",\"name\":\"Intervju med Mats \u00d6hman - Svenska\",\"isPartOf\":{\"@id\":\"https:\\\/\\\/kyb-europe.com\\\/svenska\\\/#website\"},\"primaryImageOfPage\":{\"@id\":\"https:\\\/\\\/kyb-europe.com\\\/svenska\\\/blog\\\/intervju-med-mats-ohman\\\/#primaryimage\"},\"image\":{\"@id\":\"https:\\\/\\\/kyb-europe.com\\\/svenska\\\/blog\\\/intervju-med-mats-ohman\\\/#primaryimage\"},\"thumbnailUrl\":\"https:\\\/\\\/kyb-europe.com\\\/svenska\\\/wp-content\\\/uploads\\\/sites\\\/53\\\/2021\\\/05\\\/Mats-Ohman-in-Car-scaled.jpg\",\"datePublished\":\"2021-05-14T15:33:00+00:00\",\"dateModified\":\"2021-09-01T14:07:46+00:00\",\"inLanguage\":\"sv-SE\",\"potentialAction\":[{\"@type\":\"ReadAction\",\"target\":[\"https:\\\/\\\/kyb-europe.com\\\/svenska\\\/blog\\\/intervju-med-mats-ohman\\\/\"]}]},{\"@type\":\"ImageObject\",\"inLanguage\":\"sv-SE\",\"@id\":\"https:\\\/\\\/kyb-europe.com\\\/svenska\\\/blog\\\/intervju-med-mats-ohman\\\/#primaryimage\",\"url\":\"https:\\\/\\\/kyb-europe.com\\\/svenska\\\/wp-content\\\/uploads\\\/sites\\\/53\\\/2021\\\/05\\\/Mats-Ohman-in-Car-scaled.jpg\",\"contentUrl\":\"https:\\\/\\\/kyb-europe.com\\\/svenska\\\/wp-content\\\/uploads\\\/sites\\\/53\\\/2021\\\/05\\\/Mats-Ohman-in-Car-scaled.jpg\",\"width\":2560,\"height\":1707},{\"@type\":\"WebSite\",\"@id\":\"https:\\\/\\\/kyb-europe.com\\\/svenska\\\/#website\",\"url\":\"https:\\\/\\\/kyb-europe.com\\\/svenska\\\/\",\"name\":\"Svenska\",\"description\":\"Our Precision, Your Advantage\",\"publisher\":{\"@id\":\"https:\\\/\\\/kyb-europe.com\\\/svenska\\\/#organization\"},\"potentialAction\":[{\"@type\":\"SearchAction\",\"target\":{\"@type\":\"EntryPoint\",\"urlTemplate\":\"https:\\\/\\\/kyb-europe.com\\\/svenska\\\/?s={search_term_string}\"},\"query-input\":{\"@type\":\"PropertyValueSpecification\",\"valueRequired\":true,\"valueName\":\"search_term_string\"}}],\"inLanguage\":\"sv-SE\"},{\"@type\":\"Organization\",\"@id\":\"https:\\\/\\\/kyb-europe.com\\\/svenska\\\/#organization\",\"name\":\"Svenska\",\"url\":\"https:\\\/\\\/kyb-europe.com\\\/svenska\\\/\",\"logo\":{\"@type\":\"ImageObject\",\"inLanguage\":\"sv-SE\",\"@id\":\"https:\\\/\\\/kyb-europe.com\\\/svenska\\\/#\\\/schema\\\/logo\\\/image\\\/\",\"url\":\"https:\\\/\\\/kyb-europe.com\\\/svenska\\\/wp-content\\\/uploads\\\/sites\\\/53\\\/2016\\\/12\\\/kyb_logo.png\",\"contentUrl\":\"https:\\\/\\\/kyb-europe.com\\\/svenska\\\/wp-content\\\/uploads\\\/sites\\\/53\\\/2016\\\/12\\\/kyb_logo.png\",\"width\":295,\"height\":92,\"caption\":\"Svenska\"},\"image\":{\"@id\":\"https:\\\/\\\/kyb-europe.com\\\/svenska\\\/#\\\/schema\\\/logo\\\/image\\\/\"}},{\"@type\":\"Person\",\"@id\":\"https:\\\/\\\/kyb-europe.com\\\/svenska\\\/#\\\/schema\\\/person\\\/ff46991e9eec3c8ee4075b215954a453\",\"name\":\"sueclough\",\"image\":{\"@type\":\"ImageObject\",\"inLanguage\":\"sv-SE\",\"@id\":\"https:\\\/\\\/secure.gravatar.com\\\/avatar\\\/43891ec13d5d8c278782a69cbfddde82f11b9005f84c6f4d816780e3d4f4fa06?s=96&d=mm&r=g\",\"url\":\"https:\\\/\\\/secure.gravatar.com\\\/avatar\\\/43891ec13d5d8c278782a69cbfddde82f11b9005f84c6f4d816780e3d4f4fa06?s=96&d=mm&r=g\",\"contentUrl\":\"https:\\\/\\\/secure.gravatar.com\\\/avatar\\\/43891ec13d5d8c278782a69cbfddde82f11b9005f84c6f4d816780e3d4f4fa06?s=96&d=mm&r=g\",\"caption\":\"sueclough\"},\"url\":\"https:\\\/\\\/kyb-europe.com\\\/svenska\\\/blog\\\/author\\\/sueclough\\\/\"}]}<\/script>\n<!-- \/ Yoast SEO plugin. -->","yoast_head_json":{"title":"Intervju med Mats \u00d6hman - Svenska","robots":{"index":"index","follow":"follow","max-snippet":"max-snippet:-1","max-image-preview":"max-image-preview:large","max-video-preview":"max-video-preview:-1"},"canonical":"https:\/\/kyb-europe.com\/svenska\/blog\/intervju-med-mats-ohman\/","og_locale":"sv_SE","og_type":"article","og_title":"Intervju med Mats \u00d6hman - Svenska","og_description":"Mats \u00d6hman \u00e4r en svensk rallycrossf\u00f6rare som fick en skada...","og_url":"https:\/\/kyb-europe.com\/svenska\/blog\/intervju-med-mats-ohman\/","og_site_name":"Svenska","article_published_time":"2021-05-14T15:33:00+00:00","article_modified_time":"2021-09-01T14:07:46+00:00","og_image":[{"width":2560,"height":1707,"url":"https:\/\/kyb-europe.com\/svenska\/wp-content\/uploads\/sites\/53\/2021\/05\/Mats-Ohman-in-Car-scaled.jpg","type":"image\/jpeg"}],"author":"sueclough","twitter_card":"summary_large_image","twitter_misc":{"Skriven av":"sueclough","Ber\u00e4knad l\u00e4stid":"8 minuter"},"schema":{"@context":"https:\/\/schema.org","@graph":[{"@type":"Article","@id":"https:\/\/kyb-europe.com\/svenska\/blog\/intervju-med-mats-ohman\/#article","isPartOf":{"@id":"https:\/\/kyb-europe.com\/svenska\/blog\/intervju-med-mats-ohman\/"},"author":{"name":"sueclough","@id":"https:\/\/kyb-europe.com\/svenska\/#\/schema\/person\/ff46991e9eec3c8ee4075b215954a453"},"headline":"Intervju med Mats \u00d6hman","datePublished":"2021-05-14T15:33:00+00:00","dateModified":"2021-09-01T14:07:46+00:00","mainEntityOfPage":{"@id":"https:\/\/kyb-europe.com\/svenska\/blog\/intervju-med-mats-ohman\/"},"wordCount":2114,"publisher":{"@id":"https:\/\/kyb-europe.com\/svenska\/#organization"},"image":{"@id":"https:\/\/kyb-europe.com\/svenska\/blog\/intervju-med-mats-ohman\/#primaryimage"},"thumbnailUrl":"https:\/\/kyb-europe.com\/svenska\/wp-content\/uploads\/sites\/53\/2021\/05\/Mats-Ohman-in-Car-scaled.jpg","articleSection":["Pressmeddelande"],"inLanguage":"sv-SE"},{"@type":"WebPage","@id":"https:\/\/kyb-europe.com\/svenska\/blog\/intervju-med-mats-ohman\/","url":"https:\/\/kyb-europe.com\/svenska\/blog\/intervju-med-mats-ohman\/","name":"Intervju med Mats \u00d6hman - Svenska","isPartOf":{"@id":"https:\/\/kyb-europe.com\/svenska\/#website"},"primaryImageOfPage":{"@id":"https:\/\/kyb-europe.com\/svenska\/blog\/intervju-med-mats-ohman\/#primaryimage"},"image":{"@id":"https:\/\/kyb-europe.com\/svenska\/blog\/intervju-med-mats-ohman\/#primaryimage"},"thumbnailUrl":"https:\/\/kyb-europe.com\/svenska\/wp-content\/uploads\/sites\/53\/2021\/05\/Mats-Ohman-in-Car-scaled.jpg","datePublished":"2021-05-14T15:33:00+00:00","dateModified":"2021-09-01T14:07:46+00:00","inLanguage":"sv-SE","potentialAction":[{"@type":"ReadAction","target":["https:\/\/kyb-europe.com\/svenska\/blog\/intervju-med-mats-ohman\/"]}]},{"@type":"ImageObject","inLanguage":"sv-SE","@id":"https:\/\/kyb-europe.com\/svenska\/blog\/intervju-med-mats-ohman\/#primaryimage","url":"https:\/\/kyb-europe.com\/svenska\/wp-content\/uploads\/sites\/53\/2021\/05\/Mats-Ohman-in-Car-scaled.jpg","contentUrl":"https:\/\/kyb-europe.com\/svenska\/wp-content\/uploads\/sites\/53\/2021\/05\/Mats-Ohman-in-Car-scaled.jpg","width":2560,"height":1707},{"@type":"WebSite","@id":"https:\/\/kyb-europe.com\/svenska\/#website","url":"https:\/\/kyb-europe.com\/svenska\/","name":"Svenska","description":"Our Precision, Your Advantage","publisher":{"@id":"https:\/\/kyb-europe.com\/svenska\/#organization"},"potentialAction":[{"@type":"SearchAction","target":{"@type":"EntryPoint","urlTemplate":"https:\/\/kyb-europe.com\/svenska\/?s={search_term_string}"},"query-input":{"@type":"PropertyValueSpecification","valueRequired":true,"valueName":"search_term_string"}}],"inLanguage":"sv-SE"},{"@type":"Organization","@id":"https:\/\/kyb-europe.com\/svenska\/#organization","name":"Svenska","url":"https:\/\/kyb-europe.com\/svenska\/","logo":{"@type":"ImageObject","inLanguage":"sv-SE","@id":"https:\/\/kyb-europe.com\/svenska\/#\/schema\/logo\/image\/","url":"https:\/\/kyb-europe.com\/svenska\/wp-content\/uploads\/sites\/53\/2016\/12\/kyb_logo.png","contentUrl":"https:\/\/kyb-europe.com\/svenska\/wp-content\/uploads\/sites\/53\/2016\/12\/kyb_logo.png","width":295,"height":92,"caption":"Svenska"},"image":{"@id":"https:\/\/kyb-europe.com\/svenska\/#\/schema\/logo\/image\/"}},{"@type":"Person","@id":"https:\/\/kyb-europe.com\/svenska\/#\/schema\/person\/ff46991e9eec3c8ee4075b215954a453","name":"sueclough","image":{"@type":"ImageObject","inLanguage":"sv-SE","@id":"https:\/\/secure.gravatar.com\/avatar\/43891ec13d5d8c278782a69cbfddde82f11b9005f84c6f4d816780e3d4f4fa06?s=96&d=mm&r=g","url":"https:\/\/secure.gravatar.com\/avatar\/43891ec13d5d8c278782a69cbfddde82f11b9005f84c6f4d816780e3d4f4fa06?s=96&d=mm&r=g","contentUrl":"https:\/\/secure.gravatar.com\/avatar\/43891ec13d5d8c278782a69cbfddde82f11b9005f84c6f4d816780e3d4f4fa06?s=96&d=mm&r=g","caption":"sueclough"},"url":"https:\/\/kyb-europe.com\/svenska\/blog\/author\/sueclough\/"}]}},"_links":{"self":[{"href":"https:\/\/kyb-europe.com\/svenska\/wp-json\/wp\/v2\/posts\/227980","targetHints":{"allow":["GET"]}}],"collection":[{"href":"https:\/\/kyb-europe.com\/svenska\/wp-json\/wp\/v2\/posts"}],"about":[{"href":"https:\/\/kyb-europe.com\/svenska\/wp-json\/wp\/v2\/types\/post"}],"author":[{"embeddable":true,"href":"https:\/\/kyb-europe.com\/svenska\/wp-json\/wp\/v2\/users\/3"}],"replies":[{"embeddable":true,"href":"https:\/\/kyb-europe.com\/svenska\/wp-json\/wp\/v2\/comments?post=227980"}],"version-history":[{"count":1,"href":"https:\/\/kyb-europe.com\/svenska\/wp-json\/wp\/v2\/posts\/227980\/revisions"}],"predecessor-version":[{"id":228010,"href":"https:\/\/kyb-europe.com\/svenska\/wp-json\/wp\/v2\/posts\/227980\/revisions\/228010"}],"wp:featuredmedia":[{"embeddable":true,"href":"https:\/\/kyb-europe.com\/svenska\/wp-json\/wp\/v2\/media\/228009"}],"wp:attachment":[{"href":"https:\/\/kyb-europe.com\/svenska\/wp-json\/wp\/v2\/media?parent=227980"}],"wp:term":[{"taxonomy":"category","embeddable":true,"href":"https:\/\/kyb-europe.com\/svenska\/wp-json\/wp\/v2\/categories?post=227980"},{"taxonomy":"post_tag","embeddable":true,"href":"https:\/\/kyb-europe.com\/svenska\/wp-json\/wp\/v2\/tags?post=227980"}],"curies":[{"name":"wp","href":"https:\/\/api.w.org\/{rel}","templated":true}]}}