
{"id":227964,"date":"2020-12-15T17:27:00","date_gmt":"2020-12-15T17:27:00","guid":{"rendered":"https:\/\/kyb-europe.com\/svenska\/?p=227964"},"modified":"2021-09-01T15:10:12","modified_gmt":"2021-09-01T14:10:12","slug":"kyb-team-jc-med-vm-titel-i-rallycross-2020","status":"publish","type":"post","link":"https:\/\/kyb-europe.com\/svenska\/blog\/kyb-team-jc-med-vm-titel-i-rallycross-2020\/","title":{"rendered":"KYB Team JC med VM-titel i Rallycross 2020"},"content":{"rendered":"\r\n<p>Det svenska teamet KYB Team JC som t\u00e4vlade i\u00a0FIA World Rallycross Championship f\u00f6r f\u00f6rsta g\u00e5ngen blev m\u00e4stare i\u00a0World RX Team 2020 med 16\u00a0po\u00e4ngs marginal mot den n\u00e4rmaste rivalen. Under t\u00e4vlingen hamnade den svenske f\u00f6raren Mattias Ekstr\u00f6m p\u00e5 andraplats i\u00a0World RX Drivers och hans teamkollega Robin Larsson slutade p\u00e5 sj\u00e4tte plats.<\/p>\r\n\r\n\r\n\r\n<p>Efter denna unika s\u00e4song som bestod av \u00e5tta delt\u00e4vlingar i\u00a0fyra olika l\u00e4nder blev det officiellt att den nionde och sista delt\u00e4vlingen (som skulle k\u00f6ras p\u00e5 banan N\u00fcrburgring i\u00a0Tyskland) st\u00e4lls in. I\u00a0samband med de r\u00e5dande begr\u00e4nsningar och till f\u00f6ljd av att KYB Team JC ledde fr\u00e5n den f\u00f6rsta delt\u00e4vlingen blev det v\u00e4rldsm\u00e4stare.<\/p>\r\n\r\n\r\n\r\n<p>P\u00e5 banan representerades KYB Team JC av tv\u00e5 f\u00f6rare: den tidigare v\u00e4rldsm\u00e4staren Mattias Ekstr\u00f6m samt den regerande Europam\u00e4staren och m\u00e4stare i RallyX Nordic Robin Larsson. Teamets viktigaste framg\u00e5ngar under 2020 var vinsten i\u00a0s\u00e4songens andra delt\u00e4vling i\u00a0H\u00f6ljes (Sverige) samt de dubbla pallplatserna i\u00a0Riga (Lettland). Ekstr\u00f6m tog tv\u00e5 segrar och tre andraplatser under s\u00e4songen, vilket gjorde att han slutade med tv\u00e5a i\u00a0f\u00f6rar-VM. Detta \u00e4r ett otroligt resultat, s\u00e4rskilt att han ersatte Janis Baumanis, som fick tyv\u00e4rr avg\u00e5 pga. budgetbegr\u00e4nsningar i\u00a0samband med Covid19, i\u00a0sista stund. Larsson t\u00e4vlade i\u00a0imponerande stil hela s\u00e4songen \u2013 han kvalificerade sig till finalen fyra g\u00e5nger och slutade p\u00e5 andraplatsen i\u00a0Lettland. I\u00a0totalen var han p\u00e5 den h\u00f6ga sj\u00e4tte platsen.<\/p>\r\n\r\n\r\n\r\n<p>\u201dJag tycker att det g\u00e5tt b\u00e4ttre \u00e4n v\u00e4ntat att genomf\u00f6ra s\u00e4songen trots Corona\u201d, s\u00e4ger Ekstr\u00f6m. F\u00f6r ett \u00e5r sedan sa jag att chansen var noll att jag skulle \u00e5terv\u00e4nda till rallycrossen, men nu fick jag hoppa in och det blev full rulle igen. Vi hade lite sm\u00e5strul med vissa saker, men det tillh\u00f6r ocks\u00e5 spelets regler. Det \u00e4r kul att det finns sponsorer och f\u00f6retag som \u00e4r beredda att satsa \u00e4ven under tuffare tider, framf\u00f6rallt eftersom det varit mycket i\u00a0sista minuten. Jag \u00e4r ocks\u00e5 j\u00e4ttestolt \u00f6ver att se hur KYB utvecklat st\u00f6td\u00e4mpare som kan vinna VM\u201d. KYB Europe gratulerar hela KYB Team JC som t\u00e4vlade med de b\u00e4sta f\u00f6rarna och fick hantera de sv\u00e5raste f\u00f6rh\u00e5llandena samt m\u00e5nga begr\u00e4nsningar som aldrig tidigare har funnits. Speciella gratulationer g\u00e5r \u00e4ven till teamet EKS och konstrukt\u00f6rer av Audi S1s samt v\u00e5ra partners som hj\u00e4lper till att utveckla tekniskt avancerade st\u00f6td\u00e4mpare som kan vinna v\u00e4rldsm\u00e4sterskap. Samma gratulationer f\u00f6rtj\u00e4nar ingenj\u00f6rer i\u00a0KYB:s motorsportavdelning i\u00a0Japan.<\/p>\r\n","protected":false},"excerpt":{"rendered":"<p>Det svenska teamet KYB Team JC som t\u00e4vlade i\u00a0FIA World<a href=\"https:\/\/kyb-europe.com\/svenska\/blog\/kyb-team-jc-med-vm-titel-i-rallycross-2020\/\">&#8230;<\/a><\/p>\n","protected":false},"author":3,"featured_media":228015,"comment_status":"closed","ping_status":"closed","sticky":false,"template":"","format":"standard","meta":{"_acf_changed":false,"footnotes":""},"categories":[1],"tags":[],"class_list":["post-227964","post","type-post","status-publish","format-standard","has-post-thumbnail","hentry","category-pressmeddelande"],"acf":[],"yoast_head":"<!-- This site is optimized with the Yoast SEO plugin v27.4 - https:\/\/yoast.com\/product\/yoast-seo-wordpress\/ -->\n<title>KYB Team JC med VM-titel i Rallycross 2020 - Svenska<\/title>\n<meta name=\"robots\" content=\"index, follow, max-snippet:-1, max-image-preview:large, max-video-preview:-1\" \/>\n<link rel=\"canonical\" href=\"https:\/\/kyb-europe.com\/svenska\/blog\/kyb-team-jc-med-vm-titel-i-rallycross-2020\/\" \/>\n<meta property=\"og:locale\" content=\"sv_SE\" \/>\n<meta property=\"og:type\" content=\"article\" \/>\n<meta property=\"og:title\" content=\"KYB Team JC med VM-titel i Rallycross 2020 - Svenska\" \/>\n<meta property=\"og:description\" content=\"Det svenska teamet KYB Team JC som t\u00e4vlade i\u00a0FIA World...\" \/>\n<meta property=\"og:url\" content=\"https:\/\/kyb-europe.com\/svenska\/blog\/kyb-team-jc-med-vm-titel-i-rallycross-2020\/\" \/>\n<meta property=\"og:site_name\" content=\"Svenska\" \/>\n<meta property=\"article:published_time\" content=\"2020-12-15T17:27:00+00:00\" \/>\n<meta property=\"article:modified_time\" content=\"2021-09-01T14:10:12+00:00\" \/>\n<meta property=\"og:image\" content=\"https:\/\/kyb-europe.com\/svenska\/wp-content\/uploads\/sites\/53\/2020\/12\/KYBTeamJC-Drivers-scaled.jpg\" \/>\n\t<meta property=\"og:image:width\" content=\"2560\" \/>\n\t<meta property=\"og:image:height\" content=\"1707\" \/>\n\t<meta property=\"og:image:type\" content=\"image\/jpeg\" \/>\n<meta name=\"author\" content=\"sueclough\" \/>\n<meta name=\"twitter:card\" content=\"summary_large_image\" \/>\n<meta name=\"twitter:label1\" content=\"Skriven av\" \/>\n\t<meta name=\"twitter:data1\" content=\"sueclough\" \/>\n\t<meta name=\"twitter:label2\" content=\"Ber\u00e4knad l\u00e4stid\" \/>\n\t<meta name=\"twitter:data2\" content=\"2 minuter\" \/>\n<script type=\"application\/ld+json\" class=\"yoast-schema-graph\">{\"@context\":\"https:\\\/\\\/schema.org\",\"@graph\":[{\"@type\":\"Article\",\"@id\":\"https:\\\/\\\/kyb-europe.com\\\/svenska\\\/blog\\\/kyb-team-jc-med-vm-titel-i-rallycross-2020\\\/#article\",\"isPartOf\":{\"@id\":\"https:\\\/\\\/kyb-europe.com\\\/svenska\\\/blog\\\/kyb-team-jc-med-vm-titel-i-rallycross-2020\\\/\"},\"author\":{\"name\":\"sueclough\",\"@id\":\"https:\\\/\\\/kyb-europe.com\\\/svenska\\\/#\\\/schema\\\/person\\\/ff46991e9eec3c8ee4075b215954a453\"},\"headline\":\"KYB Team JC med VM-titel i Rallycross 2020\",\"datePublished\":\"2020-12-15T17:27:00+00:00\",\"dateModified\":\"2021-09-01T14:10:12+00:00\",\"mainEntityOfPage\":{\"@id\":\"https:\\\/\\\/kyb-europe.com\\\/svenska\\\/blog\\\/kyb-team-jc-med-vm-titel-i-rallycross-2020\\\/\"},\"wordCount\":474,\"publisher\":{\"@id\":\"https:\\\/\\\/kyb-europe.com\\\/svenska\\\/#organization\"},\"image\":{\"@id\":\"https:\\\/\\\/kyb-europe.com\\\/svenska\\\/blog\\\/kyb-team-jc-med-vm-titel-i-rallycross-2020\\\/#primaryimage\"},\"thumbnailUrl\":\"https:\\\/\\\/kyb-europe.com\\\/svenska\\\/wp-content\\\/uploads\\\/sites\\\/53\\\/2020\\\/12\\\/KYBTeamJC-Drivers-scaled.jpg\",\"articleSection\":[\"Pressmeddelande\"],\"inLanguage\":\"sv-SE\"},{\"@type\":\"WebPage\",\"@id\":\"https:\\\/\\\/kyb-europe.com\\\/svenska\\\/blog\\\/kyb-team-jc-med-vm-titel-i-rallycross-2020\\\/\",\"url\":\"https:\\\/\\\/kyb-europe.com\\\/svenska\\\/blog\\\/kyb-team-jc-med-vm-titel-i-rallycross-2020\\\/\",\"name\":\"KYB Team JC med VM-titel i Rallycross 2020 - Svenska\",\"isPartOf\":{\"@id\":\"https:\\\/\\\/kyb-europe.com\\\/svenska\\\/#website\"},\"primaryImageOfPage\":{\"@id\":\"https:\\\/\\\/kyb-europe.com\\\/svenska\\\/blog\\\/kyb-team-jc-med-vm-titel-i-rallycross-2020\\\/#primaryimage\"},\"image\":{\"@id\":\"https:\\\/\\\/kyb-europe.com\\\/svenska\\\/blog\\\/kyb-team-jc-med-vm-titel-i-rallycross-2020\\\/#primaryimage\"},\"thumbnailUrl\":\"https:\\\/\\\/kyb-europe.com\\\/svenska\\\/wp-content\\\/uploads\\\/sites\\\/53\\\/2020\\\/12\\\/KYBTeamJC-Drivers-scaled.jpg\",\"datePublished\":\"2020-12-15T17:27:00+00:00\",\"dateModified\":\"2021-09-01T14:10:12+00:00\",\"inLanguage\":\"sv-SE\",\"potentialAction\":[{\"@type\":\"ReadAction\",\"target\":[\"https:\\\/\\\/kyb-europe.com\\\/svenska\\\/blog\\\/kyb-team-jc-med-vm-titel-i-rallycross-2020\\\/\"]}]},{\"@type\":\"ImageObject\",\"inLanguage\":\"sv-SE\",\"@id\":\"https:\\\/\\\/kyb-europe.com\\\/svenska\\\/blog\\\/kyb-team-jc-med-vm-titel-i-rallycross-2020\\\/#primaryimage\",\"url\":\"https:\\\/\\\/kyb-europe.com\\\/svenska\\\/wp-content\\\/uploads\\\/sites\\\/53\\\/2020\\\/12\\\/KYBTeamJC-Drivers-scaled.jpg\",\"contentUrl\":\"https:\\\/\\\/kyb-europe.com\\\/svenska\\\/wp-content\\\/uploads\\\/sites\\\/53\\\/2020\\\/12\\\/KYBTeamJC-Drivers-scaled.jpg\",\"width\":2560,\"height\":1707},{\"@type\":\"WebSite\",\"@id\":\"https:\\\/\\\/kyb-europe.com\\\/svenska\\\/#website\",\"url\":\"https:\\\/\\\/kyb-europe.com\\\/svenska\\\/\",\"name\":\"Svenska\",\"description\":\"Our Precision, Your Advantage\",\"publisher\":{\"@id\":\"https:\\\/\\\/kyb-europe.com\\\/svenska\\\/#organization\"},\"potentialAction\":[{\"@type\":\"SearchAction\",\"target\":{\"@type\":\"EntryPoint\",\"urlTemplate\":\"https:\\\/\\\/kyb-europe.com\\\/svenska\\\/?s={search_term_string}\"},\"query-input\":{\"@type\":\"PropertyValueSpecification\",\"valueRequired\":true,\"valueName\":\"search_term_string\"}}],\"inLanguage\":\"sv-SE\"},{\"@type\":\"Organization\",\"@id\":\"https:\\\/\\\/kyb-europe.com\\\/svenska\\\/#organization\",\"name\":\"Svenska\",\"url\":\"https:\\\/\\\/kyb-europe.com\\\/svenska\\\/\",\"logo\":{\"@type\":\"ImageObject\",\"inLanguage\":\"sv-SE\",\"@id\":\"https:\\\/\\\/kyb-europe.com\\\/svenska\\\/#\\\/schema\\\/logo\\\/image\\\/\",\"url\":\"https:\\\/\\\/kyb-europe.com\\\/svenska\\\/wp-content\\\/uploads\\\/sites\\\/53\\\/2016\\\/12\\\/kyb_logo.png\",\"contentUrl\":\"https:\\\/\\\/kyb-europe.com\\\/svenska\\\/wp-content\\\/uploads\\\/sites\\\/53\\\/2016\\\/12\\\/kyb_logo.png\",\"width\":295,\"height\":92,\"caption\":\"Svenska\"},\"image\":{\"@id\":\"https:\\\/\\\/kyb-europe.com\\\/svenska\\\/#\\\/schema\\\/logo\\\/image\\\/\"}},{\"@type\":\"Person\",\"@id\":\"https:\\\/\\\/kyb-europe.com\\\/svenska\\\/#\\\/schema\\\/person\\\/ff46991e9eec3c8ee4075b215954a453\",\"name\":\"sueclough\",\"image\":{\"@type\":\"ImageObject\",\"inLanguage\":\"sv-SE\",\"@id\":\"https:\\\/\\\/secure.gravatar.com\\\/avatar\\\/43891ec13d5d8c278782a69cbfddde82f11b9005f84c6f4d816780e3d4f4fa06?s=96&d=mm&r=g\",\"url\":\"https:\\\/\\\/secure.gravatar.com\\\/avatar\\\/43891ec13d5d8c278782a69cbfddde82f11b9005f84c6f4d816780e3d4f4fa06?s=96&d=mm&r=g\",\"contentUrl\":\"https:\\\/\\\/secure.gravatar.com\\\/avatar\\\/43891ec13d5d8c278782a69cbfddde82f11b9005f84c6f4d816780e3d4f4fa06?s=96&d=mm&r=g\",\"caption\":\"sueclough\"},\"url\":\"https:\\\/\\\/kyb-europe.com\\\/svenska\\\/blog\\\/author\\\/sueclough\\\/\"}]}<\/script>\n<!-- \/ Yoast SEO plugin. -->","yoast_head_json":{"title":"KYB Team JC med VM-titel i Rallycross 2020 - Svenska","robots":{"index":"index","follow":"follow","max-snippet":"max-snippet:-1","max-image-preview":"max-image-preview:large","max-video-preview":"max-video-preview:-1"},"canonical":"https:\/\/kyb-europe.com\/svenska\/blog\/kyb-team-jc-med-vm-titel-i-rallycross-2020\/","og_locale":"sv_SE","og_type":"article","og_title":"KYB Team JC med VM-titel i Rallycross 2020 - Svenska","og_description":"Det svenska teamet KYB Team JC som t\u00e4vlade i\u00a0FIA World...","og_url":"https:\/\/kyb-europe.com\/svenska\/blog\/kyb-team-jc-med-vm-titel-i-rallycross-2020\/","og_site_name":"Svenska","article_published_time":"2020-12-15T17:27:00+00:00","article_modified_time":"2021-09-01T14:10:12+00:00","og_image":[{"width":2560,"height":1707,"url":"https:\/\/kyb-europe.com\/svenska\/wp-content\/uploads\/sites\/53\/2020\/12\/KYBTeamJC-Drivers-scaled.jpg","type":"image\/jpeg"}],"author":"sueclough","twitter_card":"summary_large_image","twitter_misc":{"Skriven av":"sueclough","Ber\u00e4knad l\u00e4stid":"2 minuter"},"schema":{"@context":"https:\/\/schema.org","@graph":[{"@type":"Article","@id":"https:\/\/kyb-europe.com\/svenska\/blog\/kyb-team-jc-med-vm-titel-i-rallycross-2020\/#article","isPartOf":{"@id":"https:\/\/kyb-europe.com\/svenska\/blog\/kyb-team-jc-med-vm-titel-i-rallycross-2020\/"},"author":{"name":"sueclough","@id":"https:\/\/kyb-europe.com\/svenska\/#\/schema\/person\/ff46991e9eec3c8ee4075b215954a453"},"headline":"KYB Team JC med VM-titel i Rallycross 2020","datePublished":"2020-12-15T17:27:00+00:00","dateModified":"2021-09-01T14:10:12+00:00","mainEntityOfPage":{"@id":"https:\/\/kyb-europe.com\/svenska\/blog\/kyb-team-jc-med-vm-titel-i-rallycross-2020\/"},"wordCount":474,"publisher":{"@id":"https:\/\/kyb-europe.com\/svenska\/#organization"},"image":{"@id":"https:\/\/kyb-europe.com\/svenska\/blog\/kyb-team-jc-med-vm-titel-i-rallycross-2020\/#primaryimage"},"thumbnailUrl":"https:\/\/kyb-europe.com\/svenska\/wp-content\/uploads\/sites\/53\/2020\/12\/KYBTeamJC-Drivers-scaled.jpg","articleSection":["Pressmeddelande"],"inLanguage":"sv-SE"},{"@type":"WebPage","@id":"https:\/\/kyb-europe.com\/svenska\/blog\/kyb-team-jc-med-vm-titel-i-rallycross-2020\/","url":"https:\/\/kyb-europe.com\/svenska\/blog\/kyb-team-jc-med-vm-titel-i-rallycross-2020\/","name":"KYB Team JC med VM-titel i Rallycross 2020 - Svenska","isPartOf":{"@id":"https:\/\/kyb-europe.com\/svenska\/#website"},"primaryImageOfPage":{"@id":"https:\/\/kyb-europe.com\/svenska\/blog\/kyb-team-jc-med-vm-titel-i-rallycross-2020\/#primaryimage"},"image":{"@id":"https:\/\/kyb-europe.com\/svenska\/blog\/kyb-team-jc-med-vm-titel-i-rallycross-2020\/#primaryimage"},"thumbnailUrl":"https:\/\/kyb-europe.com\/svenska\/wp-content\/uploads\/sites\/53\/2020\/12\/KYBTeamJC-Drivers-scaled.jpg","datePublished":"2020-12-15T17:27:00+00:00","dateModified":"2021-09-01T14:10:12+00:00","inLanguage":"sv-SE","potentialAction":[{"@type":"ReadAction","target":["https:\/\/kyb-europe.com\/svenska\/blog\/kyb-team-jc-med-vm-titel-i-rallycross-2020\/"]}]},{"@type":"ImageObject","inLanguage":"sv-SE","@id":"https:\/\/kyb-europe.com\/svenska\/blog\/kyb-team-jc-med-vm-titel-i-rallycross-2020\/#primaryimage","url":"https:\/\/kyb-europe.com\/svenska\/wp-content\/uploads\/sites\/53\/2020\/12\/KYBTeamJC-Drivers-scaled.jpg","contentUrl":"https:\/\/kyb-europe.com\/svenska\/wp-content\/uploads\/sites\/53\/2020\/12\/KYBTeamJC-Drivers-scaled.jpg","width":2560,"height":1707},{"@type":"WebSite","@id":"https:\/\/kyb-europe.com\/svenska\/#website","url":"https:\/\/kyb-europe.com\/svenska\/","name":"Svenska","description":"Our Precision, Your Advantage","publisher":{"@id":"https:\/\/kyb-europe.com\/svenska\/#organization"},"potentialAction":[{"@type":"SearchAction","target":{"@type":"EntryPoint","urlTemplate":"https:\/\/kyb-europe.com\/svenska\/?s={search_term_string}"},"query-input":{"@type":"PropertyValueSpecification","valueRequired":true,"valueName":"search_term_string"}}],"inLanguage":"sv-SE"},{"@type":"Organization","@id":"https:\/\/kyb-europe.com\/svenska\/#organization","name":"Svenska","url":"https:\/\/kyb-europe.com\/svenska\/","logo":{"@type":"ImageObject","inLanguage":"sv-SE","@id":"https:\/\/kyb-europe.com\/svenska\/#\/schema\/logo\/image\/","url":"https:\/\/kyb-europe.com\/svenska\/wp-content\/uploads\/sites\/53\/2016\/12\/kyb_logo.png","contentUrl":"https:\/\/kyb-europe.com\/svenska\/wp-content\/uploads\/sites\/53\/2016\/12\/kyb_logo.png","width":295,"height":92,"caption":"Svenska"},"image":{"@id":"https:\/\/kyb-europe.com\/svenska\/#\/schema\/logo\/image\/"}},{"@type":"Person","@id":"https:\/\/kyb-europe.com\/svenska\/#\/schema\/person\/ff46991e9eec3c8ee4075b215954a453","name":"sueclough","image":{"@type":"ImageObject","inLanguage":"sv-SE","@id":"https:\/\/secure.gravatar.com\/avatar\/43891ec13d5d8c278782a69cbfddde82f11b9005f84c6f4d816780e3d4f4fa06?s=96&d=mm&r=g","url":"https:\/\/secure.gravatar.com\/avatar\/43891ec13d5d8c278782a69cbfddde82f11b9005f84c6f4d816780e3d4f4fa06?s=96&d=mm&r=g","contentUrl":"https:\/\/secure.gravatar.com\/avatar\/43891ec13d5d8c278782a69cbfddde82f11b9005f84c6f4d816780e3d4f4fa06?s=96&d=mm&r=g","caption":"sueclough"},"url":"https:\/\/kyb-europe.com\/svenska\/blog\/author\/sueclough\/"}]}},"_links":{"self":[{"href":"https:\/\/kyb-europe.com\/svenska\/wp-json\/wp\/v2\/posts\/227964","targetHints":{"allow":["GET"]}}],"collection":[{"href":"https:\/\/kyb-europe.com\/svenska\/wp-json\/wp\/v2\/posts"}],"about":[{"href":"https:\/\/kyb-europe.com\/svenska\/wp-json\/wp\/v2\/types\/post"}],"author":[{"embeddable":true,"href":"https:\/\/kyb-europe.com\/svenska\/wp-json\/wp\/v2\/users\/3"}],"replies":[{"embeddable":true,"href":"https:\/\/kyb-europe.com\/svenska\/wp-json\/wp\/v2\/comments?post=227964"}],"version-history":[{"count":1,"href":"https:\/\/kyb-europe.com\/svenska\/wp-json\/wp\/v2\/posts\/227964\/revisions"}],"predecessor-version":[{"id":228016,"href":"https:\/\/kyb-europe.com\/svenska\/wp-json\/wp\/v2\/posts\/227964\/revisions\/228016"}],"wp:featuredmedia":[{"embeddable":true,"href":"https:\/\/kyb-europe.com\/svenska\/wp-json\/wp\/v2\/media\/228015"}],"wp:attachment":[{"href":"https:\/\/kyb-europe.com\/svenska\/wp-json\/wp\/v2\/media?parent=227964"}],"wp:term":[{"taxonomy":"category","embeddable":true,"href":"https:\/\/kyb-europe.com\/svenska\/wp-json\/wp\/v2\/categories?post=227964"},{"taxonomy":"post_tag","embeddable":true,"href":"https:\/\/kyb-europe.com\/svenska\/wp-json\/wp\/v2\/tags?post=227964"}],"curies":[{"name":"wp","href":"https:\/\/api.w.org\/{rel}","templated":true}]}}