
{"id":227959,"date":"2020-07-16T09:51:49","date_gmt":"2020-07-16T08:51:49","guid":{"rendered":"https:\/\/kyb-europe.com\/svenska\/?p=227959"},"modified":"2021-09-14T16:22:39","modified_gmt":"2021-09-14T15:22:39","slug":"kyb-samarbetar-vid-utvecklingen-av-den-nya-generationen-av-ev-modulplattformen-electric-vechicles-elfordon","status":"publish","type":"post","link":"https:\/\/kyb-europe.com\/svenska\/blog\/kyb-samarbetar-vid-utvecklingen-av-den-nya-generationen-av-ev-modulplattformen-electric-vechicles-elfordon\/","title":{"rendered":"KYB samarbetar vid utvecklingen av den nya generationen av EV-modulplattformen (Electric Vechicles \u2013 Elfordon)"},"content":{"rendered":"\r\n<p>KYB Corporation har inlett ett samarbete och strategiskt partnerskap med det israeliska f\u00f6retaget EE Automotive (REE) som v\u00e4nt sig med f\u00f6rfr\u00e5gan om framtagande av nya, teknologiskt avancerade l\u00f6sningar i fj\u00e4dringssystemet f\u00f6r sina framtida plattformar avsedda f\u00f6r elfordon.<\/p>\r\n\r\n\r\n\r\n<p>KYB har en enorm erfarenhet inom halvaktiva och aktiva fj\u00e4dringssystem som kommer att st\u00e4rka nya generationens REE EV-plattform. Detta kommer att s\u00e4kerst\u00e4lla en obehindrad utveckling samt l\u00f6nsamma modull\u00f6sningar f\u00f6r e-mobiliteten. Kombinationen av KYBs kompetens inom avancerade fj\u00e4dringssystem och RREs banbrytande teknologi inom plattformar f\u00f6r elfordon kommer att revolutionera utvecklingen av elfordon.<\/p>\r\n\r\n\r\n\r\n<p>REE arbetar med att placera inte bara fj\u00e4dringen utan \u00e4ven broms-, styrsystemet och elmotorn i fordonets hjulhus. KYBs engagemang i projektet inneb\u00e4r framtagning av ett innovativ fj\u00e4dringssystem \u201din-wheel suspension\u201d som sitter i hjulet. L\u00f6sningen heter REEcorner &#x2122;. Var av modulerna \u00e4r helt oberoende och str\u00f6mmatas av det modernaste ECU REEboard &#x2122; som kontrolleras av den avancerade x-by-wire tekniken. Tekniken \u00f6ppnar upp f\u00f6r en extrem modularitet eftersom plattformen kan anpassas till valfritt fordons krav vilket resulterar i en optimal kompatibilitet, effektivitet och kostnadsreducering.<\/p>\r\n\r\n\r\n\r\n<p>REEboard &#x2122; \u00e4r en helt flat, justerbar och modul\u00e4r plattform. Den m\u00f6jligg\u00f6r obegr\u00e4nsade konfigurationer av chassit med full projekteringsfrihet och st\u00f6rre platsbesparing. Tack vare att man inte beh\u00f6ver projektera n\u00e5gon ny plattform f\u00f6r varje fordonstyp kan stora kostnads- och tidsbesparingar uppn\u00e5s. Den s\u00e4kerst\u00e4ller mer plats p\u00e5 en mindre yta och m\u00f6jligg\u00f6r placering av ett st\u00f6rre antal batterier i ett specialh\u00f6lje.<\/p>\r\n\r\n\r\n\r\n<p>Partnerskapet \u00e4r KYBs f\u00f6rsta samarbete med ett teknologif\u00f6retag som baseras p\u00e5 plattformar av elfordon. Kazunori Masumoto, General Manager of Engineering Headquarters p\u00e5 KYB Automotive Component Business Division, f\u00f6rklarar: \u201dKYB har en enorm erfarenhet inom utveckling och tillverkning av avancerade fj\u00e4dringssystem. Vi \u00e4r glada att vi kan samarbeta med REE Automotive och dela deras revolutionerande vision av elfordon genom att utveckla ett fj\u00e4dringssystem som st\u00f6djer behoven av morgondagens mobilitets ekosystem\u201d.<\/p>\r\n\r\n\r\n\r\n<p>REEs medgrundare och generaldirekt\u00f6r, Daniel Barel, kommenterar: \u201d KYB som lyfter in i projektet erfarenhet av v\u00e4rldsklass inom avancerade fj\u00e4dringssystem v\u00e4lkomnas med gl\u00e4dje till v\u00e5rt unika n\u00e4tverk av globala strategiska automotivepartners. KYBs teknologi kommer att spela en nyckelroll inom den snabba utvecklingen av nya generationens EV-plattformar som p\u00e5 nytt skapar elfordon med hj\u00e4lp av en helt flat, justerbar och helt modul\u00e4r plattform som \u00e4r klar f\u00f6r e-mobilitetens framtid\u201d.<\/p>\r\n","protected":false},"excerpt":{"rendered":"<p>KYB Corporation har inlett ett samarbete och strategiskt partnerskap med<a href=\"https:\/\/kyb-europe.com\/svenska\/blog\/kyb-samarbetar-vid-utvecklingen-av-den-nya-generationen-av-ev-modulplattformen-electric-vechicles-elfordon\/\">&#8230;<\/a><\/p>\n","protected":false},"author":3,"featured_media":228035,"comment_status":"closed","ping_status":"closed","sticky":false,"template":"","format":"standard","meta":{"_acf_changed":false,"footnotes":""},"categories":[1],"tags":[],"class_list":["post-227959","post","type-post","status-publish","format-standard","has-post-thumbnail","hentry","category-pressmeddelande"],"acf":[],"yoast_head":"<!-- This site is optimized with the Yoast SEO plugin v27.4 - https:\/\/yoast.com\/product\/yoast-seo-wordpress\/ -->\n<title>KYB samarbetar vid utvecklingen av den nya generationen av EV-modulplattformen (Electric Vechicles \u2013 Elfordon) - Svenska<\/title>\n<meta name=\"robots\" content=\"index, follow, max-snippet:-1, max-image-preview:large, max-video-preview:-1\" \/>\n<link rel=\"canonical\" href=\"https:\/\/kyb-europe.com\/svenska\/blog\/kyb-samarbetar-vid-utvecklingen-av-den-nya-generationen-av-ev-modulplattformen-electric-vechicles-elfordon\/\" \/>\n<meta property=\"og:locale\" content=\"sv_SE\" \/>\n<meta property=\"og:type\" content=\"article\" \/>\n<meta property=\"og:title\" content=\"KYB samarbetar vid utvecklingen av den nya generationen av EV-modulplattformen (Electric Vechicles \u2013 Elfordon) - Svenska\" \/>\n<meta property=\"og:description\" content=\"KYB Corporation har inlett ett samarbete och strategiskt partnerskap med...\" \/>\n<meta property=\"og:url\" content=\"https:\/\/kyb-europe.com\/svenska\/blog\/kyb-samarbetar-vid-utvecklingen-av-den-nya-generationen-av-ev-modulplattformen-electric-vechicles-elfordon\/\" \/>\n<meta property=\"og:site_name\" content=\"Svenska\" \/>\n<meta property=\"article:published_time\" content=\"2020-07-16T08:51:49+00:00\" \/>\n<meta property=\"article:modified_time\" content=\"2021-09-14T15:22:39+00:00\" \/>\n<meta property=\"og:image\" content=\"https:\/\/kyb-europe.com\/svenska\/wp-content\/uploads\/sites\/53\/2020\/07\/REE_1-scaled.jpg\" \/>\n\t<meta property=\"og:image:width\" content=\"2560\" \/>\n\t<meta property=\"og:image:height\" content=\"1686\" \/>\n\t<meta property=\"og:image:type\" content=\"image\/jpeg\" \/>\n<meta name=\"author\" content=\"sueclough\" \/>\n<meta name=\"twitter:card\" content=\"summary_large_image\" \/>\n<meta name=\"twitter:label1\" content=\"Skriven av\" \/>\n\t<meta name=\"twitter:data1\" content=\"sueclough\" \/>\n\t<meta name=\"twitter:label2\" content=\"Ber\u00e4knad l\u00e4stid\" \/>\n\t<meta name=\"twitter:data2\" content=\"2 minuter\" \/>\n<script type=\"application\/ld+json\" class=\"yoast-schema-graph\">{\"@context\":\"https:\\\/\\\/schema.org\",\"@graph\":[{\"@type\":\"Article\",\"@id\":\"https:\\\/\\\/kyb-europe.com\\\/svenska\\\/blog\\\/kyb-samarbetar-vid-utvecklingen-av-den-nya-generationen-av-ev-modulplattformen-electric-vechicles-elfordon\\\/#article\",\"isPartOf\":{\"@id\":\"https:\\\/\\\/kyb-europe.com\\\/svenska\\\/blog\\\/kyb-samarbetar-vid-utvecklingen-av-den-nya-generationen-av-ev-modulplattformen-electric-vechicles-elfordon\\\/\"},\"author\":{\"name\":\"sueclough\",\"@id\":\"https:\\\/\\\/kyb-europe.com\\\/svenska\\\/#\\\/schema\\\/person\\\/ff46991e9eec3c8ee4075b215954a453\"},\"headline\":\"KYB samarbetar vid utvecklingen av den nya generationen av EV-modulplattformen (Electric Vechicles \u2013 Elfordon)\",\"datePublished\":\"2020-07-16T08:51:49+00:00\",\"dateModified\":\"2021-09-14T15:22:39+00:00\",\"mainEntityOfPage\":{\"@id\":\"https:\\\/\\\/kyb-europe.com\\\/svenska\\\/blog\\\/kyb-samarbetar-vid-utvecklingen-av-den-nya-generationen-av-ev-modulplattformen-electric-vechicles-elfordon\\\/\"},\"wordCount\":433,\"publisher\":{\"@id\":\"https:\\\/\\\/kyb-europe.com\\\/svenska\\\/#organization\"},\"image\":{\"@id\":\"https:\\\/\\\/kyb-europe.com\\\/svenska\\\/blog\\\/kyb-samarbetar-vid-utvecklingen-av-den-nya-generationen-av-ev-modulplattformen-electric-vechicles-elfordon\\\/#primaryimage\"},\"thumbnailUrl\":\"https:\\\/\\\/kyb-europe.com\\\/svenska\\\/wp-content\\\/uploads\\\/sites\\\/53\\\/2020\\\/07\\\/REE_1-scaled.jpg\",\"articleSection\":[\"Pressmeddelande\"],\"inLanguage\":\"sv-SE\"},{\"@type\":\"WebPage\",\"@id\":\"https:\\\/\\\/kyb-europe.com\\\/svenska\\\/blog\\\/kyb-samarbetar-vid-utvecklingen-av-den-nya-generationen-av-ev-modulplattformen-electric-vechicles-elfordon\\\/\",\"url\":\"https:\\\/\\\/kyb-europe.com\\\/svenska\\\/blog\\\/kyb-samarbetar-vid-utvecklingen-av-den-nya-generationen-av-ev-modulplattformen-electric-vechicles-elfordon\\\/\",\"name\":\"KYB samarbetar vid utvecklingen av den nya generationen av EV-modulplattformen (Electric Vechicles \u2013 Elfordon) - Svenska\",\"isPartOf\":{\"@id\":\"https:\\\/\\\/kyb-europe.com\\\/svenska\\\/#website\"},\"primaryImageOfPage\":{\"@id\":\"https:\\\/\\\/kyb-europe.com\\\/svenska\\\/blog\\\/kyb-samarbetar-vid-utvecklingen-av-den-nya-generationen-av-ev-modulplattformen-electric-vechicles-elfordon\\\/#primaryimage\"},\"image\":{\"@id\":\"https:\\\/\\\/kyb-europe.com\\\/svenska\\\/blog\\\/kyb-samarbetar-vid-utvecklingen-av-den-nya-generationen-av-ev-modulplattformen-electric-vechicles-elfordon\\\/#primaryimage\"},\"thumbnailUrl\":\"https:\\\/\\\/kyb-europe.com\\\/svenska\\\/wp-content\\\/uploads\\\/sites\\\/53\\\/2020\\\/07\\\/REE_1-scaled.jpg\",\"datePublished\":\"2020-07-16T08:51:49+00:00\",\"dateModified\":\"2021-09-14T15:22:39+00:00\",\"inLanguage\":\"sv-SE\",\"potentialAction\":[{\"@type\":\"ReadAction\",\"target\":[\"https:\\\/\\\/kyb-europe.com\\\/svenska\\\/blog\\\/kyb-samarbetar-vid-utvecklingen-av-den-nya-generationen-av-ev-modulplattformen-electric-vechicles-elfordon\\\/\"]}]},{\"@type\":\"ImageObject\",\"inLanguage\":\"sv-SE\",\"@id\":\"https:\\\/\\\/kyb-europe.com\\\/svenska\\\/blog\\\/kyb-samarbetar-vid-utvecklingen-av-den-nya-generationen-av-ev-modulplattformen-electric-vechicles-elfordon\\\/#primaryimage\",\"url\":\"https:\\\/\\\/kyb-europe.com\\\/svenska\\\/wp-content\\\/uploads\\\/sites\\\/53\\\/2020\\\/07\\\/REE_1-scaled.jpg\",\"contentUrl\":\"https:\\\/\\\/kyb-europe.com\\\/svenska\\\/wp-content\\\/uploads\\\/sites\\\/53\\\/2020\\\/07\\\/REE_1-scaled.jpg\",\"width\":2560,\"height\":1686},{\"@type\":\"WebSite\",\"@id\":\"https:\\\/\\\/kyb-europe.com\\\/svenska\\\/#website\",\"url\":\"https:\\\/\\\/kyb-europe.com\\\/svenska\\\/\",\"name\":\"Svenska\",\"description\":\"Our Precision, Your Advantage\",\"publisher\":{\"@id\":\"https:\\\/\\\/kyb-europe.com\\\/svenska\\\/#organization\"},\"potentialAction\":[{\"@type\":\"SearchAction\",\"target\":{\"@type\":\"EntryPoint\",\"urlTemplate\":\"https:\\\/\\\/kyb-europe.com\\\/svenska\\\/?s={search_term_string}\"},\"query-input\":{\"@type\":\"PropertyValueSpecification\",\"valueRequired\":true,\"valueName\":\"search_term_string\"}}],\"inLanguage\":\"sv-SE\"},{\"@type\":\"Organization\",\"@id\":\"https:\\\/\\\/kyb-europe.com\\\/svenska\\\/#organization\",\"name\":\"Svenska\",\"url\":\"https:\\\/\\\/kyb-europe.com\\\/svenska\\\/\",\"logo\":{\"@type\":\"ImageObject\",\"inLanguage\":\"sv-SE\",\"@id\":\"https:\\\/\\\/kyb-europe.com\\\/svenska\\\/#\\\/schema\\\/logo\\\/image\\\/\",\"url\":\"https:\\\/\\\/kyb-europe.com\\\/svenska\\\/wp-content\\\/uploads\\\/sites\\\/53\\\/2016\\\/12\\\/kyb_logo.png\",\"contentUrl\":\"https:\\\/\\\/kyb-europe.com\\\/svenska\\\/wp-content\\\/uploads\\\/sites\\\/53\\\/2016\\\/12\\\/kyb_logo.png\",\"width\":295,\"height\":92,\"caption\":\"Svenska\"},\"image\":{\"@id\":\"https:\\\/\\\/kyb-europe.com\\\/svenska\\\/#\\\/schema\\\/logo\\\/image\\\/\"}},{\"@type\":\"Person\",\"@id\":\"https:\\\/\\\/kyb-europe.com\\\/svenska\\\/#\\\/schema\\\/person\\\/ff46991e9eec3c8ee4075b215954a453\",\"name\":\"sueclough\",\"image\":{\"@type\":\"ImageObject\",\"inLanguage\":\"sv-SE\",\"@id\":\"https:\\\/\\\/secure.gravatar.com\\\/avatar\\\/43891ec13d5d8c278782a69cbfddde82f11b9005f84c6f4d816780e3d4f4fa06?s=96&d=mm&r=g\",\"url\":\"https:\\\/\\\/secure.gravatar.com\\\/avatar\\\/43891ec13d5d8c278782a69cbfddde82f11b9005f84c6f4d816780e3d4f4fa06?s=96&d=mm&r=g\",\"contentUrl\":\"https:\\\/\\\/secure.gravatar.com\\\/avatar\\\/43891ec13d5d8c278782a69cbfddde82f11b9005f84c6f4d816780e3d4f4fa06?s=96&d=mm&r=g\",\"caption\":\"sueclough\"},\"url\":\"https:\\\/\\\/kyb-europe.com\\\/svenska\\\/blog\\\/author\\\/sueclough\\\/\"}]}<\/script>\n<!-- \/ Yoast SEO plugin. -->","yoast_head_json":{"title":"KYB samarbetar vid utvecklingen av den nya generationen av EV-modulplattformen (Electric Vechicles \u2013 Elfordon) - Svenska","robots":{"index":"index","follow":"follow","max-snippet":"max-snippet:-1","max-image-preview":"max-image-preview:large","max-video-preview":"max-video-preview:-1"},"canonical":"https:\/\/kyb-europe.com\/svenska\/blog\/kyb-samarbetar-vid-utvecklingen-av-den-nya-generationen-av-ev-modulplattformen-electric-vechicles-elfordon\/","og_locale":"sv_SE","og_type":"article","og_title":"KYB samarbetar vid utvecklingen av den nya generationen av EV-modulplattformen (Electric Vechicles \u2013 Elfordon) - Svenska","og_description":"KYB Corporation har inlett ett samarbete och strategiskt partnerskap med...","og_url":"https:\/\/kyb-europe.com\/svenska\/blog\/kyb-samarbetar-vid-utvecklingen-av-den-nya-generationen-av-ev-modulplattformen-electric-vechicles-elfordon\/","og_site_name":"Svenska","article_published_time":"2020-07-16T08:51:49+00:00","article_modified_time":"2021-09-14T15:22:39+00:00","og_image":[{"width":2560,"height":1686,"url":"https:\/\/kyb-europe.com\/svenska\/wp-content\/uploads\/sites\/53\/2020\/07\/REE_1-scaled.jpg","type":"image\/jpeg"}],"author":"sueclough","twitter_card":"summary_large_image","twitter_misc":{"Skriven av":"sueclough","Ber\u00e4knad l\u00e4stid":"2 minuter"},"schema":{"@context":"https:\/\/schema.org","@graph":[{"@type":"Article","@id":"https:\/\/kyb-europe.com\/svenska\/blog\/kyb-samarbetar-vid-utvecklingen-av-den-nya-generationen-av-ev-modulplattformen-electric-vechicles-elfordon\/#article","isPartOf":{"@id":"https:\/\/kyb-europe.com\/svenska\/blog\/kyb-samarbetar-vid-utvecklingen-av-den-nya-generationen-av-ev-modulplattformen-electric-vechicles-elfordon\/"},"author":{"name":"sueclough","@id":"https:\/\/kyb-europe.com\/svenska\/#\/schema\/person\/ff46991e9eec3c8ee4075b215954a453"},"headline":"KYB samarbetar vid utvecklingen av den nya generationen av EV-modulplattformen (Electric Vechicles \u2013 Elfordon)","datePublished":"2020-07-16T08:51:49+00:00","dateModified":"2021-09-14T15:22:39+00:00","mainEntityOfPage":{"@id":"https:\/\/kyb-europe.com\/svenska\/blog\/kyb-samarbetar-vid-utvecklingen-av-den-nya-generationen-av-ev-modulplattformen-electric-vechicles-elfordon\/"},"wordCount":433,"publisher":{"@id":"https:\/\/kyb-europe.com\/svenska\/#organization"},"image":{"@id":"https:\/\/kyb-europe.com\/svenska\/blog\/kyb-samarbetar-vid-utvecklingen-av-den-nya-generationen-av-ev-modulplattformen-electric-vechicles-elfordon\/#primaryimage"},"thumbnailUrl":"https:\/\/kyb-europe.com\/svenska\/wp-content\/uploads\/sites\/53\/2020\/07\/REE_1-scaled.jpg","articleSection":["Pressmeddelande"],"inLanguage":"sv-SE"},{"@type":"WebPage","@id":"https:\/\/kyb-europe.com\/svenska\/blog\/kyb-samarbetar-vid-utvecklingen-av-den-nya-generationen-av-ev-modulplattformen-electric-vechicles-elfordon\/","url":"https:\/\/kyb-europe.com\/svenska\/blog\/kyb-samarbetar-vid-utvecklingen-av-den-nya-generationen-av-ev-modulplattformen-electric-vechicles-elfordon\/","name":"KYB samarbetar vid utvecklingen av den nya generationen av EV-modulplattformen (Electric Vechicles \u2013 Elfordon) - Svenska","isPartOf":{"@id":"https:\/\/kyb-europe.com\/svenska\/#website"},"primaryImageOfPage":{"@id":"https:\/\/kyb-europe.com\/svenska\/blog\/kyb-samarbetar-vid-utvecklingen-av-den-nya-generationen-av-ev-modulplattformen-electric-vechicles-elfordon\/#primaryimage"},"image":{"@id":"https:\/\/kyb-europe.com\/svenska\/blog\/kyb-samarbetar-vid-utvecklingen-av-den-nya-generationen-av-ev-modulplattformen-electric-vechicles-elfordon\/#primaryimage"},"thumbnailUrl":"https:\/\/kyb-europe.com\/svenska\/wp-content\/uploads\/sites\/53\/2020\/07\/REE_1-scaled.jpg","datePublished":"2020-07-16T08:51:49+00:00","dateModified":"2021-09-14T15:22:39+00:00","inLanguage":"sv-SE","potentialAction":[{"@type":"ReadAction","target":["https:\/\/kyb-europe.com\/svenska\/blog\/kyb-samarbetar-vid-utvecklingen-av-den-nya-generationen-av-ev-modulplattformen-electric-vechicles-elfordon\/"]}]},{"@type":"ImageObject","inLanguage":"sv-SE","@id":"https:\/\/kyb-europe.com\/svenska\/blog\/kyb-samarbetar-vid-utvecklingen-av-den-nya-generationen-av-ev-modulplattformen-electric-vechicles-elfordon\/#primaryimage","url":"https:\/\/kyb-europe.com\/svenska\/wp-content\/uploads\/sites\/53\/2020\/07\/REE_1-scaled.jpg","contentUrl":"https:\/\/kyb-europe.com\/svenska\/wp-content\/uploads\/sites\/53\/2020\/07\/REE_1-scaled.jpg","width":2560,"height":1686},{"@type":"WebSite","@id":"https:\/\/kyb-europe.com\/svenska\/#website","url":"https:\/\/kyb-europe.com\/svenska\/","name":"Svenska","description":"Our Precision, Your Advantage","publisher":{"@id":"https:\/\/kyb-europe.com\/svenska\/#organization"},"potentialAction":[{"@type":"SearchAction","target":{"@type":"EntryPoint","urlTemplate":"https:\/\/kyb-europe.com\/svenska\/?s={search_term_string}"},"query-input":{"@type":"PropertyValueSpecification","valueRequired":true,"valueName":"search_term_string"}}],"inLanguage":"sv-SE"},{"@type":"Organization","@id":"https:\/\/kyb-europe.com\/svenska\/#organization","name":"Svenska","url":"https:\/\/kyb-europe.com\/svenska\/","logo":{"@type":"ImageObject","inLanguage":"sv-SE","@id":"https:\/\/kyb-europe.com\/svenska\/#\/schema\/logo\/image\/","url":"https:\/\/kyb-europe.com\/svenska\/wp-content\/uploads\/sites\/53\/2016\/12\/kyb_logo.png","contentUrl":"https:\/\/kyb-europe.com\/svenska\/wp-content\/uploads\/sites\/53\/2016\/12\/kyb_logo.png","width":295,"height":92,"caption":"Svenska"},"image":{"@id":"https:\/\/kyb-europe.com\/svenska\/#\/schema\/logo\/image\/"}},{"@type":"Person","@id":"https:\/\/kyb-europe.com\/svenska\/#\/schema\/person\/ff46991e9eec3c8ee4075b215954a453","name":"sueclough","image":{"@type":"ImageObject","inLanguage":"sv-SE","@id":"https:\/\/secure.gravatar.com\/avatar\/43891ec13d5d8c278782a69cbfddde82f11b9005f84c6f4d816780e3d4f4fa06?s=96&d=mm&r=g","url":"https:\/\/secure.gravatar.com\/avatar\/43891ec13d5d8c278782a69cbfddde82f11b9005f84c6f4d816780e3d4f4fa06?s=96&d=mm&r=g","contentUrl":"https:\/\/secure.gravatar.com\/avatar\/43891ec13d5d8c278782a69cbfddde82f11b9005f84c6f4d816780e3d4f4fa06?s=96&d=mm&r=g","caption":"sueclough"},"url":"https:\/\/kyb-europe.com\/svenska\/blog\/author\/sueclough\/"}]}},"_links":{"self":[{"href":"https:\/\/kyb-europe.com\/svenska\/wp-json\/wp\/v2\/posts\/227959","targetHints":{"allow":["GET"]}}],"collection":[{"href":"https:\/\/kyb-europe.com\/svenska\/wp-json\/wp\/v2\/posts"}],"about":[{"href":"https:\/\/kyb-europe.com\/svenska\/wp-json\/wp\/v2\/types\/post"}],"author":[{"embeddable":true,"href":"https:\/\/kyb-europe.com\/svenska\/wp-json\/wp\/v2\/users\/3"}],"replies":[{"embeddable":true,"href":"https:\/\/kyb-europe.com\/svenska\/wp-json\/wp\/v2\/comments?post=227959"}],"version-history":[{"count":1,"href":"https:\/\/kyb-europe.com\/svenska\/wp-json\/wp\/v2\/posts\/227959\/revisions"}],"predecessor-version":[{"id":228036,"href":"https:\/\/kyb-europe.com\/svenska\/wp-json\/wp\/v2\/posts\/227959\/revisions\/228036"}],"wp:featuredmedia":[{"embeddable":true,"href":"https:\/\/kyb-europe.com\/svenska\/wp-json\/wp\/v2\/media\/228035"}],"wp:attachment":[{"href":"https:\/\/kyb-europe.com\/svenska\/wp-json\/wp\/v2\/media?parent=227959"}],"wp:term":[{"taxonomy":"category","embeddable":true,"href":"https:\/\/kyb-europe.com\/svenska\/wp-json\/wp\/v2\/categories?post=227959"},{"taxonomy":"post_tag","embeddable":true,"href":"https:\/\/kyb-europe.com\/svenska\/wp-json\/wp\/v2\/tags?post=227959"}],"curies":[{"name":"wp","href":"https:\/\/api.w.org\/{rel}","templated":true}]}}