
{"id":227909,"date":"2019-12-11T15:15:35","date_gmt":"2019-12-11T15:15:35","guid":{"rendered":"https:\/\/kyb-europe.com\/svenska\/?p=227909"},"modified":"2021-09-14T16:32:05","modified_gmt":"2021-09-14T15:32:05","slug":"sasongavslut-for-wrx-i-sydafrika","status":"publish","type":"post","link":"https:\/\/kyb-europe.com\/svenska\/blog\/sasongavslut-for-wrx-i-sydafrika\/","title":{"rendered":"S\u00e4songavslut f\u00f6r WRX i Sydafrika"},"content":{"rendered":"\r\n<p>World Rallycross 2019 v\u00e4rldsm\u00e4sterskapet kommer att minnas l\u00e4nge som ett av de mest intressanta i motorsportens historia. Vi \u00e4r stolta \u00f6ver att ingenj\u00f6rer och tekniken fr\u00e5n KYP kunde st\u00f6dja Andreas Bakkeruds team fr\u00e5n Monster Energy Cartel.<\/p>\r\n\r\n\r\n\r\n<p>RX Cartel teamet anm\u00e4ldes och kom med i t\u00e4vlingen i sista stunden \u00e5r 2019. Vid de minimala f\u00f6rberedelserna var det en succ\u00e9 att kunna st\u00e4lla ut tv\u00e5 f\u00f6rare som lyckades ta platser p\u00e5 pallen samt en debutant Krisztian Szabo som st\u00f6ddes av EKS.<\/p>\r\n\r\n\r\n\r\n<p>Britten Liam Doran avslutade s\u00e4songen p\u00e5 den h\u00f6ga 8e platsen med 114 po\u00e4ng. Den ungerska EKS-f\u00f6raren tog 10e platsen med 99 po\u00e4ng. Team Monster Energy RX Cartel tog andra platsen i totalen med 299 po\u00e4ng.<\/p>\r\n\r\n\r\n\r\n<p>Norrmannen Andreas Bakkerud tillsammans med svensken Timmy Hansen avslutade s\u00e4songen efter 196 t\u00e4vlingar med 211 po\u00e4ng p\u00e5 andra platsen baserat p\u00e5 antalet vunna races.<\/p>\r\n\r\n\r\n\r\n<p>KYB \u00e4r stolt partner av EKS och Monster Energy RX Cartel teamen som deltar i FIAs Rallycross-v\u00e4rldsm\u00e4sterskapet 2019. Alla tre bilar som brett anv\u00e4nds och \u00e4r k\u00e4nda i motorsporten var utrustade med st\u00f6td\u00e4mpare och elektronisk servostyrningssystem (EPS) vilka designats och tillverkas av KYB.<\/p>\r\n","protected":false},"excerpt":{"rendered":"<p>World Rallycross 2019 v\u00e4rldsm\u00e4sterskapet kommer att minnas l\u00e4nge som ett<a href=\"https:\/\/kyb-europe.com\/svenska\/blog\/sasongavslut-for-wrx-i-sydafrika\/\">&#8230;<\/a><\/p>\n","protected":false},"author":3,"featured_media":224178,"comment_status":"closed","ping_status":"closed","sticky":false,"template":"","format":"standard","meta":{"_acf_changed":false,"footnotes":""},"categories":[1],"tags":[],"class_list":["post-227909","post","type-post","status-publish","format-standard","has-post-thumbnail","hentry","category-pressmeddelande"],"acf":[],"yoast_head":"<!-- This site is optimized with the Yoast SEO plugin v27.4 - https:\/\/yoast.com\/product\/yoast-seo-wordpress\/ -->\n<title>S\u00e4songavslut f\u00f6r WRX i Sydafrika - Svenska<\/title>\n<meta name=\"robots\" content=\"index, follow, max-snippet:-1, max-image-preview:large, max-video-preview:-1\" \/>\n<link rel=\"canonical\" href=\"https:\/\/kyb-europe.com\/svenska\/blog\/sasongavslut-for-wrx-i-sydafrika\/\" \/>\n<meta property=\"og:locale\" content=\"sv_SE\" \/>\n<meta property=\"og:type\" content=\"article\" \/>\n<meta property=\"og:title\" content=\"S\u00e4songavslut f\u00f6r WRX i Sydafrika - Svenska\" \/>\n<meta property=\"og:description\" content=\"World Rallycross 2019 v\u00e4rldsm\u00e4sterskapet kommer att minnas l\u00e4nge som ett...\" \/>\n<meta property=\"og:url\" content=\"https:\/\/kyb-europe.com\/svenska\/blog\/sasongavslut-for-wrx-i-sydafrika\/\" \/>\n<meta property=\"og:site_name\" content=\"Svenska\" \/>\n<meta property=\"article:published_time\" content=\"2019-12-11T15:15:35+00:00\" \/>\n<meta property=\"article:modified_time\" content=\"2021-09-14T15:32:05+00:00\" \/>\n<meta property=\"og:image\" content=\"https:\/\/kyb-europe.com\/svenska\/wp-content\/uploads\/sites\/53\/2019\/12\/WRX-Conclusion-2019.jpg\" \/>\n\t<meta property=\"og:image:width\" content=\"350\" \/>\n\t<meta property=\"og:image:height\" content=\"185\" \/>\n\t<meta property=\"og:image:type\" content=\"image\/jpeg\" \/>\n<meta name=\"author\" content=\"sueclough\" \/>\n<meta name=\"twitter:card\" content=\"summary_large_image\" \/>\n<meta name=\"twitter:label1\" content=\"Skriven av\" \/>\n\t<meta name=\"twitter:data1\" content=\"sueclough\" \/>\n\t<meta name=\"twitter:label2\" content=\"Ber\u00e4knad l\u00e4stid\" \/>\n\t<meta name=\"twitter:data2\" content=\"1 minut\" \/>\n<script type=\"application\/ld+json\" class=\"yoast-schema-graph\">{\"@context\":\"https:\\\/\\\/schema.org\",\"@graph\":[{\"@type\":\"Article\",\"@id\":\"https:\\\/\\\/kyb-europe.com\\\/svenska\\\/blog\\\/sasongavslut-for-wrx-i-sydafrika\\\/#article\",\"isPartOf\":{\"@id\":\"https:\\\/\\\/kyb-europe.com\\\/svenska\\\/blog\\\/sasongavslut-for-wrx-i-sydafrika\\\/\"},\"author\":{\"name\":\"sueclough\",\"@id\":\"https:\\\/\\\/kyb-europe.com\\\/svenska\\\/#\\\/schema\\\/person\\\/ff46991e9eec3c8ee4075b215954a453\"},\"headline\":\"S\u00e4songavslut f\u00f6r WRX i Sydafrika\",\"datePublished\":\"2019-12-11T15:15:35+00:00\",\"dateModified\":\"2021-09-14T15:32:05+00:00\",\"mainEntityOfPage\":{\"@id\":\"https:\\\/\\\/kyb-europe.com\\\/svenska\\\/blog\\\/sasongavslut-for-wrx-i-sydafrika\\\/\"},\"wordCount\":208,\"publisher\":{\"@id\":\"https:\\\/\\\/kyb-europe.com\\\/svenska\\\/#organization\"},\"image\":{\"@id\":\"https:\\\/\\\/kyb-europe.com\\\/svenska\\\/blog\\\/sasongavslut-for-wrx-i-sydafrika\\\/#primaryimage\"},\"thumbnailUrl\":\"https:\\\/\\\/kyb-europe.com\\\/svenska\\\/wp-content\\\/uploads\\\/sites\\\/53\\\/2019\\\/12\\\/WRX-Conclusion-2019.jpg\",\"articleSection\":[\"Pressmeddelande\"],\"inLanguage\":\"sv-SE\"},{\"@type\":\"WebPage\",\"@id\":\"https:\\\/\\\/kyb-europe.com\\\/svenska\\\/blog\\\/sasongavslut-for-wrx-i-sydafrika\\\/\",\"url\":\"https:\\\/\\\/kyb-europe.com\\\/svenska\\\/blog\\\/sasongavslut-for-wrx-i-sydafrika\\\/\",\"name\":\"S\u00e4songavslut f\u00f6r WRX i Sydafrika - Svenska\",\"isPartOf\":{\"@id\":\"https:\\\/\\\/kyb-europe.com\\\/svenska\\\/#website\"},\"primaryImageOfPage\":{\"@id\":\"https:\\\/\\\/kyb-europe.com\\\/svenska\\\/blog\\\/sasongavslut-for-wrx-i-sydafrika\\\/#primaryimage\"},\"image\":{\"@id\":\"https:\\\/\\\/kyb-europe.com\\\/svenska\\\/blog\\\/sasongavslut-for-wrx-i-sydafrika\\\/#primaryimage\"},\"thumbnailUrl\":\"https:\\\/\\\/kyb-europe.com\\\/svenska\\\/wp-content\\\/uploads\\\/sites\\\/53\\\/2019\\\/12\\\/WRX-Conclusion-2019.jpg\",\"datePublished\":\"2019-12-11T15:15:35+00:00\",\"dateModified\":\"2021-09-14T15:32:05+00:00\",\"inLanguage\":\"sv-SE\",\"potentialAction\":[{\"@type\":\"ReadAction\",\"target\":[\"https:\\\/\\\/kyb-europe.com\\\/svenska\\\/blog\\\/sasongavslut-for-wrx-i-sydafrika\\\/\"]}]},{\"@type\":\"ImageObject\",\"inLanguage\":\"sv-SE\",\"@id\":\"https:\\\/\\\/kyb-europe.com\\\/svenska\\\/blog\\\/sasongavslut-for-wrx-i-sydafrika\\\/#primaryimage\",\"url\":\"https:\\\/\\\/kyb-europe.com\\\/svenska\\\/wp-content\\\/uploads\\\/sites\\\/53\\\/2019\\\/12\\\/WRX-Conclusion-2019.jpg\",\"contentUrl\":\"https:\\\/\\\/kyb-europe.com\\\/svenska\\\/wp-content\\\/uploads\\\/sites\\\/53\\\/2019\\\/12\\\/WRX-Conclusion-2019.jpg\",\"width\":350,\"height\":185},{\"@type\":\"WebSite\",\"@id\":\"https:\\\/\\\/kyb-europe.com\\\/svenska\\\/#website\",\"url\":\"https:\\\/\\\/kyb-europe.com\\\/svenska\\\/\",\"name\":\"Svenska\",\"description\":\"Our Precision, Your Advantage\",\"publisher\":{\"@id\":\"https:\\\/\\\/kyb-europe.com\\\/svenska\\\/#organization\"},\"potentialAction\":[{\"@type\":\"SearchAction\",\"target\":{\"@type\":\"EntryPoint\",\"urlTemplate\":\"https:\\\/\\\/kyb-europe.com\\\/svenska\\\/?s={search_term_string}\"},\"query-input\":{\"@type\":\"PropertyValueSpecification\",\"valueRequired\":true,\"valueName\":\"search_term_string\"}}],\"inLanguage\":\"sv-SE\"},{\"@type\":\"Organization\",\"@id\":\"https:\\\/\\\/kyb-europe.com\\\/svenska\\\/#organization\",\"name\":\"Svenska\",\"url\":\"https:\\\/\\\/kyb-europe.com\\\/svenska\\\/\",\"logo\":{\"@type\":\"ImageObject\",\"inLanguage\":\"sv-SE\",\"@id\":\"https:\\\/\\\/kyb-europe.com\\\/svenska\\\/#\\\/schema\\\/logo\\\/image\\\/\",\"url\":\"https:\\\/\\\/kyb-europe.com\\\/svenska\\\/wp-content\\\/uploads\\\/sites\\\/53\\\/2016\\\/12\\\/kyb_logo.png\",\"contentUrl\":\"https:\\\/\\\/kyb-europe.com\\\/svenska\\\/wp-content\\\/uploads\\\/sites\\\/53\\\/2016\\\/12\\\/kyb_logo.png\",\"width\":295,\"height\":92,\"caption\":\"Svenska\"},\"image\":{\"@id\":\"https:\\\/\\\/kyb-europe.com\\\/svenska\\\/#\\\/schema\\\/logo\\\/image\\\/\"}},{\"@type\":\"Person\",\"@id\":\"https:\\\/\\\/kyb-europe.com\\\/svenska\\\/#\\\/schema\\\/person\\\/ff46991e9eec3c8ee4075b215954a453\",\"name\":\"sueclough\",\"image\":{\"@type\":\"ImageObject\",\"inLanguage\":\"sv-SE\",\"@id\":\"https:\\\/\\\/secure.gravatar.com\\\/avatar\\\/43891ec13d5d8c278782a69cbfddde82f11b9005f84c6f4d816780e3d4f4fa06?s=96&d=mm&r=g\",\"url\":\"https:\\\/\\\/secure.gravatar.com\\\/avatar\\\/43891ec13d5d8c278782a69cbfddde82f11b9005f84c6f4d816780e3d4f4fa06?s=96&d=mm&r=g\",\"contentUrl\":\"https:\\\/\\\/secure.gravatar.com\\\/avatar\\\/43891ec13d5d8c278782a69cbfddde82f11b9005f84c6f4d816780e3d4f4fa06?s=96&d=mm&r=g\",\"caption\":\"sueclough\"},\"url\":\"https:\\\/\\\/kyb-europe.com\\\/svenska\\\/blog\\\/author\\\/sueclough\\\/\"}]}<\/script>\n<!-- \/ Yoast SEO plugin. -->","yoast_head_json":{"title":"S\u00e4songavslut f\u00f6r WRX i Sydafrika - Svenska","robots":{"index":"index","follow":"follow","max-snippet":"max-snippet:-1","max-image-preview":"max-image-preview:large","max-video-preview":"max-video-preview:-1"},"canonical":"https:\/\/kyb-europe.com\/svenska\/blog\/sasongavslut-for-wrx-i-sydafrika\/","og_locale":"sv_SE","og_type":"article","og_title":"S\u00e4songavslut f\u00f6r WRX i Sydafrika - Svenska","og_description":"World Rallycross 2019 v\u00e4rldsm\u00e4sterskapet kommer att minnas l\u00e4nge som ett...","og_url":"https:\/\/kyb-europe.com\/svenska\/blog\/sasongavslut-for-wrx-i-sydafrika\/","og_site_name":"Svenska","article_published_time":"2019-12-11T15:15:35+00:00","article_modified_time":"2021-09-14T15:32:05+00:00","og_image":[{"width":350,"height":185,"url":"https:\/\/kyb-europe.com\/svenska\/wp-content\/uploads\/sites\/53\/2019\/12\/WRX-Conclusion-2019.jpg","type":"image\/jpeg"}],"author":"sueclough","twitter_card":"summary_large_image","twitter_misc":{"Skriven av":"sueclough","Ber\u00e4knad l\u00e4stid":"1 minut"},"schema":{"@context":"https:\/\/schema.org","@graph":[{"@type":"Article","@id":"https:\/\/kyb-europe.com\/svenska\/blog\/sasongavslut-for-wrx-i-sydafrika\/#article","isPartOf":{"@id":"https:\/\/kyb-europe.com\/svenska\/blog\/sasongavslut-for-wrx-i-sydafrika\/"},"author":{"name":"sueclough","@id":"https:\/\/kyb-europe.com\/svenska\/#\/schema\/person\/ff46991e9eec3c8ee4075b215954a453"},"headline":"S\u00e4songavslut f\u00f6r WRX i Sydafrika","datePublished":"2019-12-11T15:15:35+00:00","dateModified":"2021-09-14T15:32:05+00:00","mainEntityOfPage":{"@id":"https:\/\/kyb-europe.com\/svenska\/blog\/sasongavslut-for-wrx-i-sydafrika\/"},"wordCount":208,"publisher":{"@id":"https:\/\/kyb-europe.com\/svenska\/#organization"},"image":{"@id":"https:\/\/kyb-europe.com\/svenska\/blog\/sasongavslut-for-wrx-i-sydafrika\/#primaryimage"},"thumbnailUrl":"https:\/\/kyb-europe.com\/svenska\/wp-content\/uploads\/sites\/53\/2019\/12\/WRX-Conclusion-2019.jpg","articleSection":["Pressmeddelande"],"inLanguage":"sv-SE"},{"@type":"WebPage","@id":"https:\/\/kyb-europe.com\/svenska\/blog\/sasongavslut-for-wrx-i-sydafrika\/","url":"https:\/\/kyb-europe.com\/svenska\/blog\/sasongavslut-for-wrx-i-sydafrika\/","name":"S\u00e4songavslut f\u00f6r WRX i Sydafrika - Svenska","isPartOf":{"@id":"https:\/\/kyb-europe.com\/svenska\/#website"},"primaryImageOfPage":{"@id":"https:\/\/kyb-europe.com\/svenska\/blog\/sasongavslut-for-wrx-i-sydafrika\/#primaryimage"},"image":{"@id":"https:\/\/kyb-europe.com\/svenska\/blog\/sasongavslut-for-wrx-i-sydafrika\/#primaryimage"},"thumbnailUrl":"https:\/\/kyb-europe.com\/svenska\/wp-content\/uploads\/sites\/53\/2019\/12\/WRX-Conclusion-2019.jpg","datePublished":"2019-12-11T15:15:35+00:00","dateModified":"2021-09-14T15:32:05+00:00","inLanguage":"sv-SE","potentialAction":[{"@type":"ReadAction","target":["https:\/\/kyb-europe.com\/svenska\/blog\/sasongavslut-for-wrx-i-sydafrika\/"]}]},{"@type":"ImageObject","inLanguage":"sv-SE","@id":"https:\/\/kyb-europe.com\/svenska\/blog\/sasongavslut-for-wrx-i-sydafrika\/#primaryimage","url":"https:\/\/kyb-europe.com\/svenska\/wp-content\/uploads\/sites\/53\/2019\/12\/WRX-Conclusion-2019.jpg","contentUrl":"https:\/\/kyb-europe.com\/svenska\/wp-content\/uploads\/sites\/53\/2019\/12\/WRX-Conclusion-2019.jpg","width":350,"height":185},{"@type":"WebSite","@id":"https:\/\/kyb-europe.com\/svenska\/#website","url":"https:\/\/kyb-europe.com\/svenska\/","name":"Svenska","description":"Our Precision, Your Advantage","publisher":{"@id":"https:\/\/kyb-europe.com\/svenska\/#organization"},"potentialAction":[{"@type":"SearchAction","target":{"@type":"EntryPoint","urlTemplate":"https:\/\/kyb-europe.com\/svenska\/?s={search_term_string}"},"query-input":{"@type":"PropertyValueSpecification","valueRequired":true,"valueName":"search_term_string"}}],"inLanguage":"sv-SE"},{"@type":"Organization","@id":"https:\/\/kyb-europe.com\/svenska\/#organization","name":"Svenska","url":"https:\/\/kyb-europe.com\/svenska\/","logo":{"@type":"ImageObject","inLanguage":"sv-SE","@id":"https:\/\/kyb-europe.com\/svenska\/#\/schema\/logo\/image\/","url":"https:\/\/kyb-europe.com\/svenska\/wp-content\/uploads\/sites\/53\/2016\/12\/kyb_logo.png","contentUrl":"https:\/\/kyb-europe.com\/svenska\/wp-content\/uploads\/sites\/53\/2016\/12\/kyb_logo.png","width":295,"height":92,"caption":"Svenska"},"image":{"@id":"https:\/\/kyb-europe.com\/svenska\/#\/schema\/logo\/image\/"}},{"@type":"Person","@id":"https:\/\/kyb-europe.com\/svenska\/#\/schema\/person\/ff46991e9eec3c8ee4075b215954a453","name":"sueclough","image":{"@type":"ImageObject","inLanguage":"sv-SE","@id":"https:\/\/secure.gravatar.com\/avatar\/43891ec13d5d8c278782a69cbfddde82f11b9005f84c6f4d816780e3d4f4fa06?s=96&d=mm&r=g","url":"https:\/\/secure.gravatar.com\/avatar\/43891ec13d5d8c278782a69cbfddde82f11b9005f84c6f4d816780e3d4f4fa06?s=96&d=mm&r=g","contentUrl":"https:\/\/secure.gravatar.com\/avatar\/43891ec13d5d8c278782a69cbfddde82f11b9005f84c6f4d816780e3d4f4fa06?s=96&d=mm&r=g","caption":"sueclough"},"url":"https:\/\/kyb-europe.com\/svenska\/blog\/author\/sueclough\/"}]}},"_links":{"self":[{"href":"https:\/\/kyb-europe.com\/svenska\/wp-json\/wp\/v2\/posts\/227909","targetHints":{"allow":["GET"]}}],"collection":[{"href":"https:\/\/kyb-europe.com\/svenska\/wp-json\/wp\/v2\/posts"}],"about":[{"href":"https:\/\/kyb-europe.com\/svenska\/wp-json\/wp\/v2\/types\/post"}],"author":[{"embeddable":true,"href":"https:\/\/kyb-europe.com\/svenska\/wp-json\/wp\/v2\/users\/3"}],"replies":[{"embeddable":true,"href":"https:\/\/kyb-europe.com\/svenska\/wp-json\/wp\/v2\/comments?post=227909"}],"version-history":[{"count":1,"href":"https:\/\/kyb-europe.com\/svenska\/wp-json\/wp\/v2\/posts\/227909\/revisions"}],"predecessor-version":[{"id":228045,"href":"https:\/\/kyb-europe.com\/svenska\/wp-json\/wp\/v2\/posts\/227909\/revisions\/228045"}],"wp:featuredmedia":[{"embeddable":true,"href":"https:\/\/kyb-europe.com\/svenska\/wp-json\/wp\/v2\/media\/224178"}],"wp:attachment":[{"href":"https:\/\/kyb-europe.com\/svenska\/wp-json\/wp\/v2\/media?parent=227909"}],"wp:term":[{"taxonomy":"category","embeddable":true,"href":"https:\/\/kyb-europe.com\/svenska\/wp-json\/wp\/v2\/categories?post=227909"},{"taxonomy":"post_tag","embeddable":true,"href":"https:\/\/kyb-europe.com\/svenska\/wp-json\/wp\/v2\/tags?post=227909"}],"curies":[{"name":"wp","href":"https:\/\/api.w.org\/{rel}","templated":true}]}}