
{"id":190271,"date":"2019-03-14T16:07:24","date_gmt":"2019-03-14T16:07:24","guid":{"rendered":"http:\/\/kyb-europe.com\/romania\/?p=190271"},"modified":"2021-09-13T14:10:35","modified_gmt":"2021-09-13T13:10:35","slug":"kyb-s-eps-castiga-cursa-de-la-daytona-24","status":"publish","type":"post","link":"https:\/\/kyb-europe.com\/romania\/blog\/kyb-s-eps-castiga-cursa-de-la-daytona-24\/","title":{"rendered":"KYB S-EPS c\u00e2\u0219tig\u0103 cursa de la Daytona 24"},"content":{"rendered":"<p>Echipa Wayne Taylor Nr. 10 Konica Minolta DPi Cadillac a c\u00e2\u0219tigat cursa Rolex 24 la Daytona, cu o ma\u0219in\u0103 care folose\u0219te servo-direc\u021bie electronic\u0103 sport KYB (S-EPS).<\/p>\n<p>\u0218oferii echipei au fost Jordan Taylor, Renger van der Zande, Kamui Kobayashi \u0219i Fernando Alonso. Aceasta a fost a doua victorie \u00een trei ani pentru Wayne Taylor Racing, care a c\u00e2\u0219tigat pentru prima dat\u0103 \u00een 2017.<\/p>\n<p>Daytona marcheaz\u0103 \u00eenceputul sezonului IMSA WeatherTech SportsCar Championship cu cea mai prestigioas\u0103 curs\u0103 de ma\u0219ini sportive din America de Nord. Cursa de 24 de ore a fost redus\u0103 cu zece minute dup\u0103 ce precipita\u021biile abundente au cauzat condi\u021bii meteorologice nefavorabile, unele dintre cele mai grave observate vreodat\u0103 la Daytona International Speedway. C\u00e2\u0219tigarea cursei a fost asigurat\u0103 de Fernando Alonso, cu o dep\u0103\u0219ire de doar dou\u0103 tururi.<\/p>\n<p>Fostul \u0219ofer de F1, Alonso, a c\u00e2\u0219tigat cursa de 24 de ore Leamans \u00een 2018 \u0219i a devenit al treilea \u0219ofer F1 care a c\u00e2\u0219tigat cursa de anduran\u021b\u0103 la Daytona. Urm\u0103toarea provocare pentru el este Indy 500 \u00een luna mai, unde dore\u0219te s\u0103 fie primul pilot din istorie care finalizeaz\u0103 &#8222;Triple Crown&#8221;. Proprietarul echipei Wayne Taylor a c\u00e2\u0219tigat cursa Daytona 24 de patru ori.<\/p>\n<p>KYB Corporation are o echip\u0103 de ingineri specializa\u021bi \u00een motorsport, cu o vast\u0103 experien\u021b\u0103 \u00een dezvoltarea produselor extrem de specializate pentru utilizare \u00een curse. Cererea mare de vehicule \u00een acest mediu competitiv necesit\u0103 precizie \u0219i calitate la nivel mondial. Sistemele KYB Electronic Power Steering (EPS) sunt utilizate pe scar\u0103 larg\u0103 \u00een motorsporturi \u0219i \u00een special \u00een cursele de anduran\u021b\u0103, cum ar fi raliul LeMans 24 de ore. Multe echipe din lumea moto-sport folosesc \u0219i au \u00eencredere \u00een componentele de suspensie KYB.<\/p>\n","protected":false},"excerpt":{"rendered":"<p>Echipa Wayne Taylor Nr. 10 Konica Minolta DPi Cadillac a<a href=\"https:\/\/kyb-europe.com\/romania\/blog\/kyb-s-eps-castiga-cursa-de-la-daytona-24\/\">&#8230;<\/a><\/p>\n","protected":false},"author":3,"featured_media":226754,"comment_status":"closed","ping_status":"closed","sticky":false,"template":"","format":"standard","meta":{"_acf_changed":false,"footnotes":""},"categories":[1],"tags":[],"class_list":["post-190271","post","type-post","status-publish","format-standard","has-post-thumbnail","hentry","category-comunicat-de-presa"],"acf":[],"yoast_head":"<!-- This site is optimized with the Yoast SEO plugin v27.4 - https:\/\/yoast.com\/product\/yoast-seo-wordpress\/ -->\n<title>KYB S-EPS c\u00e2\u0219tig\u0103 cursa de la Daytona 24 - Rom\u00e2n\u0103<\/title>\n<meta name=\"robots\" content=\"index, follow, max-snippet:-1, max-image-preview:large, max-video-preview:-1\" \/>\n<link rel=\"canonical\" href=\"https:\/\/kyb-europe.com\/romania\/blog\/kyb-s-eps-castiga-cursa-de-la-daytona-24\/\" \/>\n<meta property=\"og:locale\" content=\"ro_RO\" \/>\n<meta property=\"og:type\" content=\"article\" \/>\n<meta property=\"og:title\" content=\"KYB S-EPS c\u00e2\u0219tig\u0103 cursa de la Daytona 24 - Rom\u00e2n\u0103\" \/>\n<meta property=\"og:description\" content=\"Echipa Wayne Taylor Nr. 10 Konica Minolta DPi Cadillac a...\" \/>\n<meta property=\"og:url\" content=\"https:\/\/kyb-europe.com\/romania\/blog\/kyb-s-eps-castiga-cursa-de-la-daytona-24\/\" \/>\n<meta property=\"og:site_name\" content=\"Rom\u00e2n\u0103\" \/>\n<meta property=\"article:published_time\" content=\"2019-03-14T16:07:24+00:00\" \/>\n<meta property=\"article:modified_time\" content=\"2021-09-13T13:10:35+00:00\" \/>\n<meta property=\"og:image\" content=\"https:\/\/kyb-europe.com\/romania\/wp-content\/uploads\/sites\/47\/2019\/03\/Daytona-Winner-1.jpg\" \/>\n\t<meta property=\"og:image:width\" content=\"350\" \/>\n\t<meta property=\"og:image:height\" content=\"185\" \/>\n\t<meta property=\"og:image:type\" content=\"image\/jpeg\" \/>\n<meta name=\"author\" content=\"sueclough\" \/>\n<meta name=\"twitter:card\" content=\"summary_large_image\" \/>\n<meta name=\"twitter:label1\" content=\"Scris de\" \/>\n\t<meta name=\"twitter:data1\" content=\"sueclough\" \/>\n\t<meta name=\"twitter:label2\" content=\"Timp estimat pentru citire\" \/>\n\t<meta name=\"twitter:data2\" content=\"1 minut\" \/>\n<script type=\"application\/ld+json\" class=\"yoast-schema-graph\">{\"@context\":\"https:\\\/\\\/schema.org\",\"@graph\":[{\"@type\":\"Article\",\"@id\":\"https:\\\/\\\/kyb-europe.com\\\/romania\\\/blog\\\/kyb-s-eps-castiga-cursa-de-la-daytona-24\\\/#article\",\"isPartOf\":{\"@id\":\"https:\\\/\\\/kyb-europe.com\\\/romania\\\/blog\\\/kyb-s-eps-castiga-cursa-de-la-daytona-24\\\/\"},\"author\":{\"name\":\"sueclough\",\"@id\":\"https:\\\/\\\/kyb-europe.com\\\/romania\\\/#\\\/schema\\\/person\\\/ff46991e9eec3c8ee4075b215954a453\"},\"headline\":\"KYB S-EPS c\u00e2\u0219tig\u0103 cursa de la Daytona 24\",\"datePublished\":\"2019-03-14T16:07:24+00:00\",\"dateModified\":\"2021-09-13T13:10:35+00:00\",\"mainEntityOfPage\":{\"@id\":\"https:\\\/\\\/kyb-europe.com\\\/romania\\\/blog\\\/kyb-s-eps-castiga-cursa-de-la-daytona-24\\\/\"},\"wordCount\":288,\"publisher\":{\"@id\":\"https:\\\/\\\/kyb-europe.com\\\/romania\\\/#organization\"},\"image\":{\"@id\":\"https:\\\/\\\/kyb-europe.com\\\/romania\\\/blog\\\/kyb-s-eps-castiga-cursa-de-la-daytona-24\\\/#primaryimage\"},\"thumbnailUrl\":\"https:\\\/\\\/kyb-europe.com\\\/romania\\\/wp-content\\\/uploads\\\/sites\\\/47\\\/2019\\\/03\\\/Daytona-Winner-1.jpg\",\"articleSection\":[\"Comunicat de Pres\u0103\"],\"inLanguage\":\"ro-RO\"},{\"@type\":\"WebPage\",\"@id\":\"https:\\\/\\\/kyb-europe.com\\\/romania\\\/blog\\\/kyb-s-eps-castiga-cursa-de-la-daytona-24\\\/\",\"url\":\"https:\\\/\\\/kyb-europe.com\\\/romania\\\/blog\\\/kyb-s-eps-castiga-cursa-de-la-daytona-24\\\/\",\"name\":\"KYB S-EPS c\u00e2\u0219tig\u0103 cursa de la Daytona 24 - Rom\u00e2n\u0103\",\"isPartOf\":{\"@id\":\"https:\\\/\\\/kyb-europe.com\\\/romania\\\/#website\"},\"primaryImageOfPage\":{\"@id\":\"https:\\\/\\\/kyb-europe.com\\\/romania\\\/blog\\\/kyb-s-eps-castiga-cursa-de-la-daytona-24\\\/#primaryimage\"},\"image\":{\"@id\":\"https:\\\/\\\/kyb-europe.com\\\/romania\\\/blog\\\/kyb-s-eps-castiga-cursa-de-la-daytona-24\\\/#primaryimage\"},\"thumbnailUrl\":\"https:\\\/\\\/kyb-europe.com\\\/romania\\\/wp-content\\\/uploads\\\/sites\\\/47\\\/2019\\\/03\\\/Daytona-Winner-1.jpg\",\"datePublished\":\"2019-03-14T16:07:24+00:00\",\"dateModified\":\"2021-09-13T13:10:35+00:00\",\"inLanguage\":\"ro-RO\",\"potentialAction\":[{\"@type\":\"ReadAction\",\"target\":[\"https:\\\/\\\/kyb-europe.com\\\/romania\\\/blog\\\/kyb-s-eps-castiga-cursa-de-la-daytona-24\\\/\"]}]},{\"@type\":\"ImageObject\",\"inLanguage\":\"ro-RO\",\"@id\":\"https:\\\/\\\/kyb-europe.com\\\/romania\\\/blog\\\/kyb-s-eps-castiga-cursa-de-la-daytona-24\\\/#primaryimage\",\"url\":\"https:\\\/\\\/kyb-europe.com\\\/romania\\\/wp-content\\\/uploads\\\/sites\\\/47\\\/2019\\\/03\\\/Daytona-Winner-1.jpg\",\"contentUrl\":\"https:\\\/\\\/kyb-europe.com\\\/romania\\\/wp-content\\\/uploads\\\/sites\\\/47\\\/2019\\\/03\\\/Daytona-Winner-1.jpg\",\"width\":350,\"height\":185},{\"@type\":\"WebSite\",\"@id\":\"https:\\\/\\\/kyb-europe.com\\\/romania\\\/#website\",\"url\":\"https:\\\/\\\/kyb-europe.com\\\/romania\\\/\",\"name\":\"Rom\u00e2n\u0103\",\"description\":\"Our Precision, Your Advantage\",\"publisher\":{\"@id\":\"https:\\\/\\\/kyb-europe.com\\\/romania\\\/#organization\"},\"potentialAction\":[{\"@type\":\"SearchAction\",\"target\":{\"@type\":\"EntryPoint\",\"urlTemplate\":\"https:\\\/\\\/kyb-europe.com\\\/romania\\\/?s={search_term_string}\"},\"query-input\":{\"@type\":\"PropertyValueSpecification\",\"valueRequired\":true,\"valueName\":\"search_term_string\"}}],\"inLanguage\":\"ro-RO\"},{\"@type\":\"Organization\",\"@id\":\"https:\\\/\\\/kyb-europe.com\\\/romania\\\/#organization\",\"name\":\"Rom\u00e2n\u0103\",\"url\":\"https:\\\/\\\/kyb-europe.com\\\/romania\\\/\",\"logo\":{\"@type\":\"ImageObject\",\"inLanguage\":\"ro-RO\",\"@id\":\"https:\\\/\\\/kyb-europe.com\\\/romania\\\/#\\\/schema\\\/logo\\\/image\\\/\",\"url\":\"https:\\\/\\\/kyb-europe.com\\\/romania\\\/wp-content\\\/uploads\\\/sites\\\/47\\\/2016\\\/12\\\/kyb_logo.png\",\"contentUrl\":\"https:\\\/\\\/kyb-europe.com\\\/romania\\\/wp-content\\\/uploads\\\/sites\\\/47\\\/2016\\\/12\\\/kyb_logo.png\",\"width\":295,\"height\":92,\"caption\":\"Rom\u00e2n\u0103\"},\"image\":{\"@id\":\"https:\\\/\\\/kyb-europe.com\\\/romania\\\/#\\\/schema\\\/logo\\\/image\\\/\"}},{\"@type\":\"Person\",\"@id\":\"https:\\\/\\\/kyb-europe.com\\\/romania\\\/#\\\/schema\\\/person\\\/ff46991e9eec3c8ee4075b215954a453\",\"name\":\"sueclough\",\"image\":{\"@type\":\"ImageObject\",\"inLanguage\":\"ro-RO\",\"@id\":\"https:\\\/\\\/secure.gravatar.com\\\/avatar\\\/43891ec13d5d8c278782a69cbfddde82f11b9005f84c6f4d816780e3d4f4fa06?s=96&d=mm&r=g\",\"url\":\"https:\\\/\\\/secure.gravatar.com\\\/avatar\\\/43891ec13d5d8c278782a69cbfddde82f11b9005f84c6f4d816780e3d4f4fa06?s=96&d=mm&r=g\",\"contentUrl\":\"https:\\\/\\\/secure.gravatar.com\\\/avatar\\\/43891ec13d5d8c278782a69cbfddde82f11b9005f84c6f4d816780e3d4f4fa06?s=96&d=mm&r=g\",\"caption\":\"sueclough\"},\"url\":\"https:\\\/\\\/kyb-europe.com\\\/romania\\\/blog\\\/author\\\/sueclough\\\/\"}]}<\/script>\n<!-- \/ Yoast SEO plugin. -->","yoast_head_json":{"title":"KYB S-EPS c\u00e2\u0219tig\u0103 cursa de la Daytona 24 - Rom\u00e2n\u0103","robots":{"index":"index","follow":"follow","max-snippet":"max-snippet:-1","max-image-preview":"max-image-preview:large","max-video-preview":"max-video-preview:-1"},"canonical":"https:\/\/kyb-europe.com\/romania\/blog\/kyb-s-eps-castiga-cursa-de-la-daytona-24\/","og_locale":"ro_RO","og_type":"article","og_title":"KYB S-EPS c\u00e2\u0219tig\u0103 cursa de la Daytona 24 - Rom\u00e2n\u0103","og_description":"Echipa Wayne Taylor Nr. 10 Konica Minolta DPi Cadillac a...","og_url":"https:\/\/kyb-europe.com\/romania\/blog\/kyb-s-eps-castiga-cursa-de-la-daytona-24\/","og_site_name":"Rom\u00e2n\u0103","article_published_time":"2019-03-14T16:07:24+00:00","article_modified_time":"2021-09-13T13:10:35+00:00","og_image":[{"width":350,"height":185,"url":"https:\/\/kyb-europe.com\/romania\/wp-content\/uploads\/sites\/47\/2019\/03\/Daytona-Winner-1.jpg","type":"image\/jpeg"}],"author":"sueclough","twitter_card":"summary_large_image","twitter_misc":{"Scris de":"sueclough","Timp estimat pentru citire":"1 minut"},"schema":{"@context":"https:\/\/schema.org","@graph":[{"@type":"Article","@id":"https:\/\/kyb-europe.com\/romania\/blog\/kyb-s-eps-castiga-cursa-de-la-daytona-24\/#article","isPartOf":{"@id":"https:\/\/kyb-europe.com\/romania\/blog\/kyb-s-eps-castiga-cursa-de-la-daytona-24\/"},"author":{"name":"sueclough","@id":"https:\/\/kyb-europe.com\/romania\/#\/schema\/person\/ff46991e9eec3c8ee4075b215954a453"},"headline":"KYB S-EPS c\u00e2\u0219tig\u0103 cursa de la Daytona 24","datePublished":"2019-03-14T16:07:24+00:00","dateModified":"2021-09-13T13:10:35+00:00","mainEntityOfPage":{"@id":"https:\/\/kyb-europe.com\/romania\/blog\/kyb-s-eps-castiga-cursa-de-la-daytona-24\/"},"wordCount":288,"publisher":{"@id":"https:\/\/kyb-europe.com\/romania\/#organization"},"image":{"@id":"https:\/\/kyb-europe.com\/romania\/blog\/kyb-s-eps-castiga-cursa-de-la-daytona-24\/#primaryimage"},"thumbnailUrl":"https:\/\/kyb-europe.com\/romania\/wp-content\/uploads\/sites\/47\/2019\/03\/Daytona-Winner-1.jpg","articleSection":["Comunicat de Pres\u0103"],"inLanguage":"ro-RO"},{"@type":"WebPage","@id":"https:\/\/kyb-europe.com\/romania\/blog\/kyb-s-eps-castiga-cursa-de-la-daytona-24\/","url":"https:\/\/kyb-europe.com\/romania\/blog\/kyb-s-eps-castiga-cursa-de-la-daytona-24\/","name":"KYB S-EPS c\u00e2\u0219tig\u0103 cursa de la Daytona 24 - Rom\u00e2n\u0103","isPartOf":{"@id":"https:\/\/kyb-europe.com\/romania\/#website"},"primaryImageOfPage":{"@id":"https:\/\/kyb-europe.com\/romania\/blog\/kyb-s-eps-castiga-cursa-de-la-daytona-24\/#primaryimage"},"image":{"@id":"https:\/\/kyb-europe.com\/romania\/blog\/kyb-s-eps-castiga-cursa-de-la-daytona-24\/#primaryimage"},"thumbnailUrl":"https:\/\/kyb-europe.com\/romania\/wp-content\/uploads\/sites\/47\/2019\/03\/Daytona-Winner-1.jpg","datePublished":"2019-03-14T16:07:24+00:00","dateModified":"2021-09-13T13:10:35+00:00","inLanguage":"ro-RO","potentialAction":[{"@type":"ReadAction","target":["https:\/\/kyb-europe.com\/romania\/blog\/kyb-s-eps-castiga-cursa-de-la-daytona-24\/"]}]},{"@type":"ImageObject","inLanguage":"ro-RO","@id":"https:\/\/kyb-europe.com\/romania\/blog\/kyb-s-eps-castiga-cursa-de-la-daytona-24\/#primaryimage","url":"https:\/\/kyb-europe.com\/romania\/wp-content\/uploads\/sites\/47\/2019\/03\/Daytona-Winner-1.jpg","contentUrl":"https:\/\/kyb-europe.com\/romania\/wp-content\/uploads\/sites\/47\/2019\/03\/Daytona-Winner-1.jpg","width":350,"height":185},{"@type":"WebSite","@id":"https:\/\/kyb-europe.com\/romania\/#website","url":"https:\/\/kyb-europe.com\/romania\/","name":"Rom\u00e2n\u0103","description":"Our Precision, Your Advantage","publisher":{"@id":"https:\/\/kyb-europe.com\/romania\/#organization"},"potentialAction":[{"@type":"SearchAction","target":{"@type":"EntryPoint","urlTemplate":"https:\/\/kyb-europe.com\/romania\/?s={search_term_string}"},"query-input":{"@type":"PropertyValueSpecification","valueRequired":true,"valueName":"search_term_string"}}],"inLanguage":"ro-RO"},{"@type":"Organization","@id":"https:\/\/kyb-europe.com\/romania\/#organization","name":"Rom\u00e2n\u0103","url":"https:\/\/kyb-europe.com\/romania\/","logo":{"@type":"ImageObject","inLanguage":"ro-RO","@id":"https:\/\/kyb-europe.com\/romania\/#\/schema\/logo\/image\/","url":"https:\/\/kyb-europe.com\/romania\/wp-content\/uploads\/sites\/47\/2016\/12\/kyb_logo.png","contentUrl":"https:\/\/kyb-europe.com\/romania\/wp-content\/uploads\/sites\/47\/2016\/12\/kyb_logo.png","width":295,"height":92,"caption":"Rom\u00e2n\u0103"},"image":{"@id":"https:\/\/kyb-europe.com\/romania\/#\/schema\/logo\/image\/"}},{"@type":"Person","@id":"https:\/\/kyb-europe.com\/romania\/#\/schema\/person\/ff46991e9eec3c8ee4075b215954a453","name":"sueclough","image":{"@type":"ImageObject","inLanguage":"ro-RO","@id":"https:\/\/secure.gravatar.com\/avatar\/43891ec13d5d8c278782a69cbfddde82f11b9005f84c6f4d816780e3d4f4fa06?s=96&d=mm&r=g","url":"https:\/\/secure.gravatar.com\/avatar\/43891ec13d5d8c278782a69cbfddde82f11b9005f84c6f4d816780e3d4f4fa06?s=96&d=mm&r=g","contentUrl":"https:\/\/secure.gravatar.com\/avatar\/43891ec13d5d8c278782a69cbfddde82f11b9005f84c6f4d816780e3d4f4fa06?s=96&d=mm&r=g","caption":"sueclough"},"url":"https:\/\/kyb-europe.com\/romania\/blog\/author\/sueclough\/"}]}},"_links":{"self":[{"href":"https:\/\/kyb-europe.com\/romania\/wp-json\/wp\/v2\/posts\/190271","targetHints":{"allow":["GET"]}}],"collection":[{"href":"https:\/\/kyb-europe.com\/romania\/wp-json\/wp\/v2\/posts"}],"about":[{"href":"https:\/\/kyb-europe.com\/romania\/wp-json\/wp\/v2\/types\/post"}],"author":[{"embeddable":true,"href":"https:\/\/kyb-europe.com\/romania\/wp-json\/wp\/v2\/users\/3"}],"replies":[{"embeddable":true,"href":"https:\/\/kyb-europe.com\/romania\/wp-json\/wp\/v2\/comments?post=190271"}],"version-history":[{"count":1,"href":"https:\/\/kyb-europe.com\/romania\/wp-json\/wp\/v2\/posts\/190271\/revisions"}],"predecessor-version":[{"id":226755,"href":"https:\/\/kyb-europe.com\/romania\/wp-json\/wp\/v2\/posts\/190271\/revisions\/226755"}],"wp:featuredmedia":[{"embeddable":true,"href":"https:\/\/kyb-europe.com\/romania\/wp-json\/wp\/v2\/media\/226754"}],"wp:attachment":[{"href":"https:\/\/kyb-europe.com\/romania\/wp-json\/wp\/v2\/media?parent=190271"}],"wp:term":[{"taxonomy":"category","embeddable":true,"href":"https:\/\/kyb-europe.com\/romania\/wp-json\/wp\/v2\/categories?post=190271"},{"taxonomy":"post_tag","embeddable":true,"href":"https:\/\/kyb-europe.com\/romania\/wp-json\/wp\/v2\/tags?post=190271"}],"curies":[{"name":"wp","href":"https:\/\/api.w.org\/{rel}","templated":true}]}}