
{"id":227944,"date":"2018-10-25T14:54:44","date_gmt":"2018-10-25T13:54:44","guid":{"rendered":"http:\/\/kyb-europe.com\/portugal\/?p=227944"},"modified":"2021-09-13T15:16:19","modified_gmt":"2021-09-13T14:16:19","slug":"kyb-reconhecida-com-premio-da-toyota","status":"publish","type":"post","link":"https:\/\/kyb-europe.com\/portugal\/blog\/kyb-reconhecida-com-premio-da-toyota\/","title":{"rendered":"KYB reconhecida com pr\u00e9mio da Toyota"},"content":{"rendered":"<p>A KYB Corporation recebeu um pr\u00e9mio da Toyota Motor Corporation em reconhecimento do desenvolvimento de tecnologia original.<\/p>\n<p>O pr\u00e9mio foi atribu\u00eddo numa cerim\u00f3nia realizada em junho, em resultado dos amortecedores desenvolvidos pela KYB para o novo modelo do Toyota Corolla Sport. A Toyota reconheceu que a tecnologia original da KYB contribuiu significativamente para a melhoria das capacidades do novo ve\u00edculo, concedendo-lhe um certificado de louvor.<\/p>\n<p>O novo Corolla Sport foi inicialmente lan\u00e7ado no Jap\u00e3o. A suspens\u00e3o utiliza Apoios MacPherson na dianteira e uma suspens\u00e3o traseira de duplo bra\u00e7o. Este \u00e9 o primeiro modelo de tra\u00e7\u00e3o dianteira da Toyota que utiliza um sistema de Suspens\u00e3o Vari\u00e1vel Adaptativa (AVS &#8211; Adaptive Variable Suspension) com solenoide linear. O sistema AVS ajusta a for\u00e7a de amortecimento para cada roda de acordo com a superf\u00edcie da estrada e as condi\u00e7\u00f5es de condu\u00e7\u00e3o, a fim de proporcionar uma condu\u00e7\u00e3o confort\u00e1vel em qualquer superf\u00edcie da estrada.<\/p>\n<p>Os amortecedores KYB otimizam a for\u00e7a de amortecimento a baixas velocidades, respondendo rapidamente desde o arranque, e permitem uma excelente manobrabilidade e conforto de condu\u00e7\u00e3o a velocidades mais r\u00e1pidas. Reduzindo o rolamento da carro\u00e7aria em curvas, a capacidade da dire\u00e7\u00e3o e da preven\u00e7\u00e3o em situa\u00e7\u00f5es perigosas foi melhorada. Ao controlar a for\u00e7a de amortecimento de forma independente para cada roda, o sistema AVS mant\u00e9m a postura do ve\u00edculo. Existe um modo desportivo adicional no ve\u00edculo no qual a for\u00e7a de amortecimento \u00e9 trocada para que se adeque \u00e0 condu\u00e7\u00e3o desportiva.<\/p>\n<p>Os novos amortecedores foram submetidos a 600 testes separados, utilizando v\u00e1rias combina\u00e7\u00f5es de \u00f3leos e componentes, antes de ter sido realizada a sele\u00e7\u00e3o final para conseguir uma condu\u00e7\u00e3o confort\u00e1vel com uma dire\u00e7\u00e3o reativa<\/p>\n","protected":false},"excerpt":{"rendered":"<p>A KYB Corporation recebeu um pr\u00e9mio da Toyota Motor Corporation<a href=\"https:\/\/kyb-europe.com\/portugal\/blog\/kyb-reconhecida-com-premio-da-toyota\/\">&#8230;<\/a><\/p>\n","protected":false},"author":3,"featured_media":228605,"comment_status":"closed","ping_status":"closed","sticky":false,"template":"","format":"standard","meta":{"_acf_changed":false,"footnotes":""},"categories":[1],"tags":[],"class_list":["post-227944","post","type-post","status-publish","format-standard","has-post-thumbnail","hentry","category-comunicado-de-imprensa"],"acf":[],"yoast_head":"<!-- This site is optimized with the Yoast SEO plugin v27.4 - https:\/\/yoast.com\/product\/yoast-seo-wordpress\/ -->\n<title>KYB reconhecida com pr\u00e9mio da Toyota - Portugu\u00eas<\/title>\n<meta name=\"robots\" content=\"index, follow, max-snippet:-1, max-image-preview:large, max-video-preview:-1\" \/>\n<link rel=\"canonical\" href=\"https:\/\/kyb-europe.com\/portugal\/blog\/kyb-reconhecida-com-premio-da-toyota\/\" \/>\n<meta property=\"og:locale\" content=\"pt_PT\" \/>\n<meta property=\"og:type\" content=\"article\" \/>\n<meta property=\"og:title\" content=\"KYB reconhecida com pr\u00e9mio da Toyota - Portugu\u00eas\" \/>\n<meta property=\"og:description\" content=\"A KYB Corporation recebeu um pr\u00e9mio da Toyota Motor Corporation...\" \/>\n<meta property=\"og:url\" content=\"https:\/\/kyb-europe.com\/portugal\/blog\/kyb-reconhecida-com-premio-da-toyota\/\" \/>\n<meta property=\"og:site_name\" content=\"Portugu\u00eas\" \/>\n<meta property=\"article:published_time\" content=\"2018-10-25T13:54:44+00:00\" \/>\n<meta property=\"article:modified_time\" content=\"2021-09-13T14:16:19+00:00\" \/>\n<meta property=\"og:image\" content=\"https:\/\/kyb-europe.com\/portugal\/wp-content\/uploads\/sites\/49\/2018\/10\/toyota-1.jpg\" \/>\n\t<meta property=\"og:image:width\" content=\"700\" \/>\n\t<meta property=\"og:image:height\" content=\"370\" \/>\n\t<meta property=\"og:image:type\" content=\"image\/jpeg\" \/>\n<meta name=\"author\" content=\"sueclough\" \/>\n<meta name=\"twitter:card\" content=\"summary_large_image\" \/>\n<meta name=\"twitter:label1\" content=\"Escrito por\" \/>\n\t<meta name=\"twitter:data1\" content=\"sueclough\" \/>\n\t<meta name=\"twitter:label2\" content=\"Tempo estimado de leitura\" \/>\n\t<meta name=\"twitter:data2\" content=\"2 minutos\" \/>\n<script type=\"application\/ld+json\" class=\"yoast-schema-graph\">{\"@context\":\"https:\\\/\\\/schema.org\",\"@graph\":[{\"@type\":\"Article\",\"@id\":\"https:\\\/\\\/kyb-europe.com\\\/portugal\\\/blog\\\/kyb-reconhecida-com-premio-da-toyota\\\/#article\",\"isPartOf\":{\"@id\":\"https:\\\/\\\/kyb-europe.com\\\/portugal\\\/blog\\\/kyb-reconhecida-com-premio-da-toyota\\\/\"},\"author\":{\"name\":\"sueclough\",\"@id\":\"https:\\\/\\\/kyb-europe.com\\\/portugal\\\/#\\\/schema\\\/person\\\/ff46991e9eec3c8ee4075b215954a453\"},\"headline\":\"KYB reconhecida com pr\u00e9mio da Toyota\",\"datePublished\":\"2018-10-25T13:54:44+00:00\",\"dateModified\":\"2021-09-13T14:16:19+00:00\",\"mainEntityOfPage\":{\"@id\":\"https:\\\/\\\/kyb-europe.com\\\/portugal\\\/blog\\\/kyb-reconhecida-com-premio-da-toyota\\\/\"},\"wordCount\":314,\"publisher\":{\"@id\":\"https:\\\/\\\/kyb-europe.com\\\/portugal\\\/#organization\"},\"image\":{\"@id\":\"https:\\\/\\\/kyb-europe.com\\\/portugal\\\/blog\\\/kyb-reconhecida-com-premio-da-toyota\\\/#primaryimage\"},\"thumbnailUrl\":\"https:\\\/\\\/kyb-europe.com\\\/portugal\\\/wp-content\\\/uploads\\\/sites\\\/49\\\/2018\\\/10\\\/toyota-1.jpg\",\"articleSection\":[\"Comunicado de imprensa\"],\"inLanguage\":\"pt-PT\"},{\"@type\":\"WebPage\",\"@id\":\"https:\\\/\\\/kyb-europe.com\\\/portugal\\\/blog\\\/kyb-reconhecida-com-premio-da-toyota\\\/\",\"url\":\"https:\\\/\\\/kyb-europe.com\\\/portugal\\\/blog\\\/kyb-reconhecida-com-premio-da-toyota\\\/\",\"name\":\"KYB reconhecida com pr\u00e9mio da Toyota - Portugu\u00eas\",\"isPartOf\":{\"@id\":\"https:\\\/\\\/kyb-europe.com\\\/portugal\\\/#website\"},\"primaryImageOfPage\":{\"@id\":\"https:\\\/\\\/kyb-europe.com\\\/portugal\\\/blog\\\/kyb-reconhecida-com-premio-da-toyota\\\/#primaryimage\"},\"image\":{\"@id\":\"https:\\\/\\\/kyb-europe.com\\\/portugal\\\/blog\\\/kyb-reconhecida-com-premio-da-toyota\\\/#primaryimage\"},\"thumbnailUrl\":\"https:\\\/\\\/kyb-europe.com\\\/portugal\\\/wp-content\\\/uploads\\\/sites\\\/49\\\/2018\\\/10\\\/toyota-1.jpg\",\"datePublished\":\"2018-10-25T13:54:44+00:00\",\"dateModified\":\"2021-09-13T14:16:19+00:00\",\"inLanguage\":\"pt-PT\",\"potentialAction\":[{\"@type\":\"ReadAction\",\"target\":[\"https:\\\/\\\/kyb-europe.com\\\/portugal\\\/blog\\\/kyb-reconhecida-com-premio-da-toyota\\\/\"]}]},{\"@type\":\"ImageObject\",\"inLanguage\":\"pt-PT\",\"@id\":\"https:\\\/\\\/kyb-europe.com\\\/portugal\\\/blog\\\/kyb-reconhecida-com-premio-da-toyota\\\/#primaryimage\",\"url\":\"https:\\\/\\\/kyb-europe.com\\\/portugal\\\/wp-content\\\/uploads\\\/sites\\\/49\\\/2018\\\/10\\\/toyota-1.jpg\",\"contentUrl\":\"https:\\\/\\\/kyb-europe.com\\\/portugal\\\/wp-content\\\/uploads\\\/sites\\\/49\\\/2018\\\/10\\\/toyota-1.jpg\",\"width\":700,\"height\":370},{\"@type\":\"WebSite\",\"@id\":\"https:\\\/\\\/kyb-europe.com\\\/portugal\\\/#website\",\"url\":\"https:\\\/\\\/kyb-europe.com\\\/portugal\\\/\",\"name\":\"Portugu\u00eas\",\"description\":\"Our Precision, Your Advantage\",\"publisher\":{\"@id\":\"https:\\\/\\\/kyb-europe.com\\\/portugal\\\/#organization\"},\"potentialAction\":[{\"@type\":\"SearchAction\",\"target\":{\"@type\":\"EntryPoint\",\"urlTemplate\":\"https:\\\/\\\/kyb-europe.com\\\/portugal\\\/?s={search_term_string}\"},\"query-input\":{\"@type\":\"PropertyValueSpecification\",\"valueRequired\":true,\"valueName\":\"search_term_string\"}}],\"inLanguage\":\"pt-PT\"},{\"@type\":\"Organization\",\"@id\":\"https:\\\/\\\/kyb-europe.com\\\/portugal\\\/#organization\",\"name\":\"Portugu\u00eas\",\"url\":\"https:\\\/\\\/kyb-europe.com\\\/portugal\\\/\",\"logo\":{\"@type\":\"ImageObject\",\"inLanguage\":\"pt-PT\",\"@id\":\"https:\\\/\\\/kyb-europe.com\\\/portugal\\\/#\\\/schema\\\/logo\\\/image\\\/\",\"url\":\"https:\\\/\\\/kyb-europe.com\\\/portugal\\\/wp-content\\\/uploads\\\/sites\\\/49\\\/2016\\\/12\\\/kyb_logo.png\",\"contentUrl\":\"https:\\\/\\\/kyb-europe.com\\\/portugal\\\/wp-content\\\/uploads\\\/sites\\\/49\\\/2016\\\/12\\\/kyb_logo.png\",\"width\":295,\"height\":92,\"caption\":\"Portugu\u00eas\"},\"image\":{\"@id\":\"https:\\\/\\\/kyb-europe.com\\\/portugal\\\/#\\\/schema\\\/logo\\\/image\\\/\"}},{\"@type\":\"Person\",\"@id\":\"https:\\\/\\\/kyb-europe.com\\\/portugal\\\/#\\\/schema\\\/person\\\/ff46991e9eec3c8ee4075b215954a453\",\"name\":\"sueclough\",\"image\":{\"@type\":\"ImageObject\",\"inLanguage\":\"pt-PT\",\"@id\":\"https:\\\/\\\/secure.gravatar.com\\\/avatar\\\/43891ec13d5d8c278782a69cbfddde82f11b9005f84c6f4d816780e3d4f4fa06?s=96&d=mm&r=g\",\"url\":\"https:\\\/\\\/secure.gravatar.com\\\/avatar\\\/43891ec13d5d8c278782a69cbfddde82f11b9005f84c6f4d816780e3d4f4fa06?s=96&d=mm&r=g\",\"contentUrl\":\"https:\\\/\\\/secure.gravatar.com\\\/avatar\\\/43891ec13d5d8c278782a69cbfddde82f11b9005f84c6f4d816780e3d4f4fa06?s=96&d=mm&r=g\",\"caption\":\"sueclough\"},\"url\":\"https:\\\/\\\/kyb-europe.com\\\/portugal\\\/blog\\\/author\\\/sueclough\\\/\"}]}<\/script>\n<!-- \/ Yoast SEO plugin. -->","yoast_head_json":{"title":"KYB reconhecida com pr\u00e9mio da Toyota - Portugu\u00eas","robots":{"index":"index","follow":"follow","max-snippet":"max-snippet:-1","max-image-preview":"max-image-preview:large","max-video-preview":"max-video-preview:-1"},"canonical":"https:\/\/kyb-europe.com\/portugal\/blog\/kyb-reconhecida-com-premio-da-toyota\/","og_locale":"pt_PT","og_type":"article","og_title":"KYB reconhecida com pr\u00e9mio da Toyota - Portugu\u00eas","og_description":"A KYB Corporation recebeu um pr\u00e9mio da Toyota Motor Corporation...","og_url":"https:\/\/kyb-europe.com\/portugal\/blog\/kyb-reconhecida-com-premio-da-toyota\/","og_site_name":"Portugu\u00eas","article_published_time":"2018-10-25T13:54:44+00:00","article_modified_time":"2021-09-13T14:16:19+00:00","og_image":[{"width":700,"height":370,"url":"https:\/\/kyb-europe.com\/portugal\/wp-content\/uploads\/sites\/49\/2018\/10\/toyota-1.jpg","type":"image\/jpeg"}],"author":"sueclough","twitter_card":"summary_large_image","twitter_misc":{"Escrito por":"sueclough","Tempo estimado de leitura":"2 minutos"},"schema":{"@context":"https:\/\/schema.org","@graph":[{"@type":"Article","@id":"https:\/\/kyb-europe.com\/portugal\/blog\/kyb-reconhecida-com-premio-da-toyota\/#article","isPartOf":{"@id":"https:\/\/kyb-europe.com\/portugal\/blog\/kyb-reconhecida-com-premio-da-toyota\/"},"author":{"name":"sueclough","@id":"https:\/\/kyb-europe.com\/portugal\/#\/schema\/person\/ff46991e9eec3c8ee4075b215954a453"},"headline":"KYB reconhecida com pr\u00e9mio da Toyota","datePublished":"2018-10-25T13:54:44+00:00","dateModified":"2021-09-13T14:16:19+00:00","mainEntityOfPage":{"@id":"https:\/\/kyb-europe.com\/portugal\/blog\/kyb-reconhecida-com-premio-da-toyota\/"},"wordCount":314,"publisher":{"@id":"https:\/\/kyb-europe.com\/portugal\/#organization"},"image":{"@id":"https:\/\/kyb-europe.com\/portugal\/blog\/kyb-reconhecida-com-premio-da-toyota\/#primaryimage"},"thumbnailUrl":"https:\/\/kyb-europe.com\/portugal\/wp-content\/uploads\/sites\/49\/2018\/10\/toyota-1.jpg","articleSection":["Comunicado de imprensa"],"inLanguage":"pt-PT"},{"@type":"WebPage","@id":"https:\/\/kyb-europe.com\/portugal\/blog\/kyb-reconhecida-com-premio-da-toyota\/","url":"https:\/\/kyb-europe.com\/portugal\/blog\/kyb-reconhecida-com-premio-da-toyota\/","name":"KYB reconhecida com pr\u00e9mio da Toyota - Portugu\u00eas","isPartOf":{"@id":"https:\/\/kyb-europe.com\/portugal\/#website"},"primaryImageOfPage":{"@id":"https:\/\/kyb-europe.com\/portugal\/blog\/kyb-reconhecida-com-premio-da-toyota\/#primaryimage"},"image":{"@id":"https:\/\/kyb-europe.com\/portugal\/blog\/kyb-reconhecida-com-premio-da-toyota\/#primaryimage"},"thumbnailUrl":"https:\/\/kyb-europe.com\/portugal\/wp-content\/uploads\/sites\/49\/2018\/10\/toyota-1.jpg","datePublished":"2018-10-25T13:54:44+00:00","dateModified":"2021-09-13T14:16:19+00:00","inLanguage":"pt-PT","potentialAction":[{"@type":"ReadAction","target":["https:\/\/kyb-europe.com\/portugal\/blog\/kyb-reconhecida-com-premio-da-toyota\/"]}]},{"@type":"ImageObject","inLanguage":"pt-PT","@id":"https:\/\/kyb-europe.com\/portugal\/blog\/kyb-reconhecida-com-premio-da-toyota\/#primaryimage","url":"https:\/\/kyb-europe.com\/portugal\/wp-content\/uploads\/sites\/49\/2018\/10\/toyota-1.jpg","contentUrl":"https:\/\/kyb-europe.com\/portugal\/wp-content\/uploads\/sites\/49\/2018\/10\/toyota-1.jpg","width":700,"height":370},{"@type":"WebSite","@id":"https:\/\/kyb-europe.com\/portugal\/#website","url":"https:\/\/kyb-europe.com\/portugal\/","name":"Portugu\u00eas","description":"Our Precision, Your Advantage","publisher":{"@id":"https:\/\/kyb-europe.com\/portugal\/#organization"},"potentialAction":[{"@type":"SearchAction","target":{"@type":"EntryPoint","urlTemplate":"https:\/\/kyb-europe.com\/portugal\/?s={search_term_string}"},"query-input":{"@type":"PropertyValueSpecification","valueRequired":true,"valueName":"search_term_string"}}],"inLanguage":"pt-PT"},{"@type":"Organization","@id":"https:\/\/kyb-europe.com\/portugal\/#organization","name":"Portugu\u00eas","url":"https:\/\/kyb-europe.com\/portugal\/","logo":{"@type":"ImageObject","inLanguage":"pt-PT","@id":"https:\/\/kyb-europe.com\/portugal\/#\/schema\/logo\/image\/","url":"https:\/\/kyb-europe.com\/portugal\/wp-content\/uploads\/sites\/49\/2016\/12\/kyb_logo.png","contentUrl":"https:\/\/kyb-europe.com\/portugal\/wp-content\/uploads\/sites\/49\/2016\/12\/kyb_logo.png","width":295,"height":92,"caption":"Portugu\u00eas"},"image":{"@id":"https:\/\/kyb-europe.com\/portugal\/#\/schema\/logo\/image\/"}},{"@type":"Person","@id":"https:\/\/kyb-europe.com\/portugal\/#\/schema\/person\/ff46991e9eec3c8ee4075b215954a453","name":"sueclough","image":{"@type":"ImageObject","inLanguage":"pt-PT","@id":"https:\/\/secure.gravatar.com\/avatar\/43891ec13d5d8c278782a69cbfddde82f11b9005f84c6f4d816780e3d4f4fa06?s=96&d=mm&r=g","url":"https:\/\/secure.gravatar.com\/avatar\/43891ec13d5d8c278782a69cbfddde82f11b9005f84c6f4d816780e3d4f4fa06?s=96&d=mm&r=g","contentUrl":"https:\/\/secure.gravatar.com\/avatar\/43891ec13d5d8c278782a69cbfddde82f11b9005f84c6f4d816780e3d4f4fa06?s=96&d=mm&r=g","caption":"sueclough"},"url":"https:\/\/kyb-europe.com\/portugal\/blog\/author\/sueclough\/"}]}},"_links":{"self":[{"href":"https:\/\/kyb-europe.com\/portugal\/wp-json\/wp\/v2\/posts\/227944","targetHints":{"allow":["GET"]}}],"collection":[{"href":"https:\/\/kyb-europe.com\/portugal\/wp-json\/wp\/v2\/posts"}],"about":[{"href":"https:\/\/kyb-europe.com\/portugal\/wp-json\/wp\/v2\/types\/post"}],"author":[{"embeddable":true,"href":"https:\/\/kyb-europe.com\/portugal\/wp-json\/wp\/v2\/users\/3"}],"replies":[{"embeddable":true,"href":"https:\/\/kyb-europe.com\/portugal\/wp-json\/wp\/v2\/comments?post=227944"}],"version-history":[{"count":1,"href":"https:\/\/kyb-europe.com\/portugal\/wp-json\/wp\/v2\/posts\/227944\/revisions"}],"predecessor-version":[{"id":228606,"href":"https:\/\/kyb-europe.com\/portugal\/wp-json\/wp\/v2\/posts\/227944\/revisions\/228606"}],"wp:featuredmedia":[{"embeddable":true,"href":"https:\/\/kyb-europe.com\/portugal\/wp-json\/wp\/v2\/media\/228605"}],"wp:attachment":[{"href":"https:\/\/kyb-europe.com\/portugal\/wp-json\/wp\/v2\/media?parent=227944"}],"wp:term":[{"taxonomy":"category","embeddable":true,"href":"https:\/\/kyb-europe.com\/portugal\/wp-json\/wp\/v2\/categories?post=227944"},{"taxonomy":"post_tag","embeddable":true,"href":"https:\/\/kyb-europe.com\/portugal\/wp-json\/wp\/v2\/tags?post=227944"}],"curies":[{"name":"wp","href":"https:\/\/api.w.org\/{rel}","templated":true}]}}