
{"id":227914,"date":"2018-09-27T15:06:37","date_gmt":"2018-09-27T14:06:37","guid":{"rendered":"http:\/\/kyb-europe.com\/portugal\/?p=227914"},"modified":"2021-09-13T15:17:11","modified_gmt":"2021-09-13T14:17:11","slug":"kyb-focada-no-futuro-na-automechanika-frankfurt","status":"publish","type":"post","link":"https:\/\/kyb-europe.com\/portugal\/blog\/kyb-focada-no-futuro-na-automechanika-frankfurt\/","title":{"rendered":"KYB focada no futuro na Automechanika Frankfurt"},"content":{"rendered":"<p>A KYB Europe Aftermarket esteve presente na Automechanika Frankfurt na semana passada. O fornecedor l\u00edder de amortecedores, molas helicoidais e kits de montagem da suspens\u00e3o para a ind\u00fastria autom\u00f3vel aproveitou a oportunidade para destacar elementos do futuro no stand.<\/p>\n<p>Esteve em exposi\u00e7\u00e3o o prot\u00f3tipo de um amortecedor de apoio leve de pr\u00f3xima gera\u00e7\u00e3o que suscitou um grande interesse junto dos visitantes e dos outros expositores. O suporte e o revestimento exterior foram integralmente modul\u00e1veis por inje\u00e7\u00e3o com resina termopl\u00e1stica refor\u00e7ada com fibra de carbono de alta resist\u00eancia. A resina refor\u00e7ada com fibra de carbono \u00e9 tamb\u00e9m adaptada \u00e0 haste do pist\u00e3o, que anteriormente era fabricada com um material met\u00e1lico para este modelo.<\/p>\n<p>O prot\u00f3tipo do amortecedor representa um dos v\u00e1rios projetos que exploram possibilidades para o futuro propostas pela galardoada equipa de pesquisa e desenvolvimento da KYB. Os condutores t\u00eam cada vez mais exig\u00eancias no que respeita a extras opcionais para os seus ve\u00edculos; os sistemas de entretenimento, a navega\u00e7\u00e3o por sat\u00e9lite e os conjuntos multim\u00e9dia j\u00e1 s\u00e3o praticamente um padr\u00e3o. Todos estes extras acrescentam peso ao ve\u00edculo e, por essa raz\u00e3o, os componentes evolu\u00edram no sentido de compensar esse peso adicional. Os engenheiros de pesquisa e desenvolvimento da KYB est\u00e3o constantemente a explorar novas formas para aperfei\u00e7oar os amortecedores. A redu\u00e7\u00e3o do peso destes amortecedores de resina significa que o autom\u00f3vel ser\u00e1 mais eficiente e, consequentemente, mais amigo do ambiente. Este \u00e9 apenas um dos v\u00e1rios exemplos de componentes concebidos a pensar no futuro.<\/p>\n<p>A KYB tamb\u00e9m n\u00e3o se esqueceu do futuro ao limitar o impacto que a participa\u00e7\u00e3o neste evento teria para o ambiente e projetou um stand neutro do ponto de vista das emiss\u00f5es de carbono. Tendo em conta a viagem, a constru\u00e7\u00e3o do stand, a prepara\u00e7\u00e3o de comida e bebidas e o alojamento, a quantidade de CO2 gerada foi calculada por um especialista independente online. Para compensar estes valores, a KYB fez um donativo a uma institui\u00e7\u00e3o ambiental com vista a apoiar o trabalho da mesma no combate \u00e0s altera\u00e7\u00f5es clim\u00e1ticas, neste caso atrav\u00e9s de um projeto de refloresta\u00e7\u00e3o na Am\u00e9rica do Sul.<\/p>\n<p>Durante a Automechanika, a KYB tamb\u00e9m apresentou o seu crescente portef\u00f3lio de ferramentas de apoio que se destinam a ajudar os t\u00e9cnicos que instalam produtos KYB. Isto inclui a nova Aplica\u00e7\u00e3o KYB Suspension Solutions, que tem alguns novos complementos fant\u00e1sticos que ser\u00e3o lan\u00e7ados em exclusivo na feira \u2013 nomeadamente uma ferramenta de c\u00e1lculo da m\u00e3o de obra e uma ferramenta de conselhos de instala\u00e7\u00e3o de pe\u00e7as espec\u00edficas. O programa de Solu\u00e7\u00f5es de Suspens\u00e3o KYB tamb\u00e9m inclui imagens de 360 graus, v\u00eddeos de instala\u00e7\u00e3o, conselhos de instala\u00e7\u00e3o de pe\u00e7as espec\u00edficas atrav\u00e9s de c\u00f3digos QR e apoio t\u00e9cnico online, sendo que tudo isto foi demonstrado aos visitantes na \u00e1rea KYB Expert do stand.<\/p>\n","protected":false},"excerpt":{"rendered":"<p>A KYB Europe Aftermarket esteve presente na Automechanika Frankfurt na<a href=\"https:\/\/kyb-europe.com\/portugal\/blog\/kyb-focada-no-futuro-na-automechanika-frankfurt\/\">&#8230;<\/a><\/p>\n","protected":false},"author":3,"featured_media":228607,"comment_status":"closed","ping_status":"closed","sticky":false,"template":"","format":"standard","meta":{"_acf_changed":false,"footnotes":""},"categories":[1],"tags":[],"class_list":["post-227914","post","type-post","status-publish","format-standard","has-post-thumbnail","hentry","category-comunicado-de-imprensa"],"acf":[],"yoast_head":"<!-- This site is optimized with the Yoast SEO plugin v27.4 - https:\/\/yoast.com\/product\/yoast-seo-wordpress\/ -->\n<title>KYB focada no futuro na Automechanika Frankfurt - Portugu\u00eas<\/title>\n<meta name=\"robots\" content=\"index, follow, max-snippet:-1, max-image-preview:large, max-video-preview:-1\" \/>\n<link rel=\"canonical\" href=\"https:\/\/kyb-europe.com\/portugal\/blog\/kyb-focada-no-futuro-na-automechanika-frankfurt\/\" \/>\n<meta property=\"og:locale\" content=\"pt_PT\" \/>\n<meta property=\"og:type\" content=\"article\" \/>\n<meta property=\"og:title\" content=\"KYB focada no futuro na Automechanika Frankfurt - Portugu\u00eas\" \/>\n<meta property=\"og:description\" content=\"A KYB Europe Aftermarket esteve presente na Automechanika Frankfurt na...\" \/>\n<meta property=\"og:url\" content=\"https:\/\/kyb-europe.com\/portugal\/blog\/kyb-focada-no-futuro-na-automechanika-frankfurt\/\" \/>\n<meta property=\"og:site_name\" content=\"Portugu\u00eas\" \/>\n<meta property=\"article:published_time\" content=\"2018-09-27T14:06:37+00:00\" \/>\n<meta property=\"article:modified_time\" content=\"2021-09-13T14:17:11+00:00\" \/>\n<meta property=\"og:image\" content=\"https:\/\/kyb-europe.com\/portugal\/wp-content\/uploads\/sites\/49\/2018\/09\/automechanika-1.jpg\" \/>\n\t<meta property=\"og:image:width\" content=\"700\" \/>\n\t<meta property=\"og:image:height\" content=\"370\" \/>\n\t<meta property=\"og:image:type\" content=\"image\/jpeg\" \/>\n<meta name=\"author\" content=\"sueclough\" \/>\n<meta name=\"twitter:card\" content=\"summary_large_image\" \/>\n<meta name=\"twitter:label1\" content=\"Escrito por\" \/>\n\t<meta name=\"twitter:data1\" content=\"sueclough\" \/>\n\t<meta name=\"twitter:label2\" content=\"Tempo estimado de leitura\" \/>\n\t<meta name=\"twitter:data2\" content=\"3 minutos\" \/>\n<script type=\"application\/ld+json\" class=\"yoast-schema-graph\">{\"@context\":\"https:\\\/\\\/schema.org\",\"@graph\":[{\"@type\":\"Article\",\"@id\":\"https:\\\/\\\/kyb-europe.com\\\/portugal\\\/blog\\\/kyb-focada-no-futuro-na-automechanika-frankfurt\\\/#article\",\"isPartOf\":{\"@id\":\"https:\\\/\\\/kyb-europe.com\\\/portugal\\\/blog\\\/kyb-focada-no-futuro-na-automechanika-frankfurt\\\/\"},\"author\":{\"name\":\"sueclough\",\"@id\":\"https:\\\/\\\/kyb-europe.com\\\/portugal\\\/#\\\/schema\\\/person\\\/ff46991e9eec3c8ee4075b215954a453\"},\"headline\":\"KYB focada no futuro na Automechanika Frankfurt\",\"datePublished\":\"2018-09-27T14:06:37+00:00\",\"dateModified\":\"2021-09-13T14:17:11+00:00\",\"mainEntityOfPage\":{\"@id\":\"https:\\\/\\\/kyb-europe.com\\\/portugal\\\/blog\\\/kyb-focada-no-futuro-na-automechanika-frankfurt\\\/\"},\"wordCount\":530,\"publisher\":{\"@id\":\"https:\\\/\\\/kyb-europe.com\\\/portugal\\\/#organization\"},\"image\":{\"@id\":\"https:\\\/\\\/kyb-europe.com\\\/portugal\\\/blog\\\/kyb-focada-no-futuro-na-automechanika-frankfurt\\\/#primaryimage\"},\"thumbnailUrl\":\"https:\\\/\\\/kyb-europe.com\\\/portugal\\\/wp-content\\\/uploads\\\/sites\\\/49\\\/2018\\\/09\\\/automechanika-1.jpg\",\"articleSection\":[\"Comunicado de imprensa\"],\"inLanguage\":\"pt-PT\"},{\"@type\":\"WebPage\",\"@id\":\"https:\\\/\\\/kyb-europe.com\\\/portugal\\\/blog\\\/kyb-focada-no-futuro-na-automechanika-frankfurt\\\/\",\"url\":\"https:\\\/\\\/kyb-europe.com\\\/portugal\\\/blog\\\/kyb-focada-no-futuro-na-automechanika-frankfurt\\\/\",\"name\":\"KYB focada no futuro na Automechanika Frankfurt - Portugu\u00eas\",\"isPartOf\":{\"@id\":\"https:\\\/\\\/kyb-europe.com\\\/portugal\\\/#website\"},\"primaryImageOfPage\":{\"@id\":\"https:\\\/\\\/kyb-europe.com\\\/portugal\\\/blog\\\/kyb-focada-no-futuro-na-automechanika-frankfurt\\\/#primaryimage\"},\"image\":{\"@id\":\"https:\\\/\\\/kyb-europe.com\\\/portugal\\\/blog\\\/kyb-focada-no-futuro-na-automechanika-frankfurt\\\/#primaryimage\"},\"thumbnailUrl\":\"https:\\\/\\\/kyb-europe.com\\\/portugal\\\/wp-content\\\/uploads\\\/sites\\\/49\\\/2018\\\/09\\\/automechanika-1.jpg\",\"datePublished\":\"2018-09-27T14:06:37+00:00\",\"dateModified\":\"2021-09-13T14:17:11+00:00\",\"inLanguage\":\"pt-PT\",\"potentialAction\":[{\"@type\":\"ReadAction\",\"target\":[\"https:\\\/\\\/kyb-europe.com\\\/portugal\\\/blog\\\/kyb-focada-no-futuro-na-automechanika-frankfurt\\\/\"]}]},{\"@type\":\"ImageObject\",\"inLanguage\":\"pt-PT\",\"@id\":\"https:\\\/\\\/kyb-europe.com\\\/portugal\\\/blog\\\/kyb-focada-no-futuro-na-automechanika-frankfurt\\\/#primaryimage\",\"url\":\"https:\\\/\\\/kyb-europe.com\\\/portugal\\\/wp-content\\\/uploads\\\/sites\\\/49\\\/2018\\\/09\\\/automechanika-1.jpg\",\"contentUrl\":\"https:\\\/\\\/kyb-europe.com\\\/portugal\\\/wp-content\\\/uploads\\\/sites\\\/49\\\/2018\\\/09\\\/automechanika-1.jpg\",\"width\":700,\"height\":370},{\"@type\":\"WebSite\",\"@id\":\"https:\\\/\\\/kyb-europe.com\\\/portugal\\\/#website\",\"url\":\"https:\\\/\\\/kyb-europe.com\\\/portugal\\\/\",\"name\":\"Portugu\u00eas\",\"description\":\"Our Precision, Your Advantage\",\"publisher\":{\"@id\":\"https:\\\/\\\/kyb-europe.com\\\/portugal\\\/#organization\"},\"potentialAction\":[{\"@type\":\"SearchAction\",\"target\":{\"@type\":\"EntryPoint\",\"urlTemplate\":\"https:\\\/\\\/kyb-europe.com\\\/portugal\\\/?s={search_term_string}\"},\"query-input\":{\"@type\":\"PropertyValueSpecification\",\"valueRequired\":true,\"valueName\":\"search_term_string\"}}],\"inLanguage\":\"pt-PT\"},{\"@type\":\"Organization\",\"@id\":\"https:\\\/\\\/kyb-europe.com\\\/portugal\\\/#organization\",\"name\":\"Portugu\u00eas\",\"url\":\"https:\\\/\\\/kyb-europe.com\\\/portugal\\\/\",\"logo\":{\"@type\":\"ImageObject\",\"inLanguage\":\"pt-PT\",\"@id\":\"https:\\\/\\\/kyb-europe.com\\\/portugal\\\/#\\\/schema\\\/logo\\\/image\\\/\",\"url\":\"https:\\\/\\\/kyb-europe.com\\\/portugal\\\/wp-content\\\/uploads\\\/sites\\\/49\\\/2016\\\/12\\\/kyb_logo.png\",\"contentUrl\":\"https:\\\/\\\/kyb-europe.com\\\/portugal\\\/wp-content\\\/uploads\\\/sites\\\/49\\\/2016\\\/12\\\/kyb_logo.png\",\"width\":295,\"height\":92,\"caption\":\"Portugu\u00eas\"},\"image\":{\"@id\":\"https:\\\/\\\/kyb-europe.com\\\/portugal\\\/#\\\/schema\\\/logo\\\/image\\\/\"}},{\"@type\":\"Person\",\"@id\":\"https:\\\/\\\/kyb-europe.com\\\/portugal\\\/#\\\/schema\\\/person\\\/ff46991e9eec3c8ee4075b215954a453\",\"name\":\"sueclough\",\"image\":{\"@type\":\"ImageObject\",\"inLanguage\":\"pt-PT\",\"@id\":\"https:\\\/\\\/secure.gravatar.com\\\/avatar\\\/43891ec13d5d8c278782a69cbfddde82f11b9005f84c6f4d816780e3d4f4fa06?s=96&d=mm&r=g\",\"url\":\"https:\\\/\\\/secure.gravatar.com\\\/avatar\\\/43891ec13d5d8c278782a69cbfddde82f11b9005f84c6f4d816780e3d4f4fa06?s=96&d=mm&r=g\",\"contentUrl\":\"https:\\\/\\\/secure.gravatar.com\\\/avatar\\\/43891ec13d5d8c278782a69cbfddde82f11b9005f84c6f4d816780e3d4f4fa06?s=96&d=mm&r=g\",\"caption\":\"sueclough\"},\"url\":\"https:\\\/\\\/kyb-europe.com\\\/portugal\\\/blog\\\/author\\\/sueclough\\\/\"}]}<\/script>\n<!-- \/ Yoast SEO plugin. -->","yoast_head_json":{"title":"KYB focada no futuro na Automechanika Frankfurt - Portugu\u00eas","robots":{"index":"index","follow":"follow","max-snippet":"max-snippet:-1","max-image-preview":"max-image-preview:large","max-video-preview":"max-video-preview:-1"},"canonical":"https:\/\/kyb-europe.com\/portugal\/blog\/kyb-focada-no-futuro-na-automechanika-frankfurt\/","og_locale":"pt_PT","og_type":"article","og_title":"KYB focada no futuro na Automechanika Frankfurt - Portugu\u00eas","og_description":"A KYB Europe Aftermarket esteve presente na Automechanika Frankfurt na...","og_url":"https:\/\/kyb-europe.com\/portugal\/blog\/kyb-focada-no-futuro-na-automechanika-frankfurt\/","og_site_name":"Portugu\u00eas","article_published_time":"2018-09-27T14:06:37+00:00","article_modified_time":"2021-09-13T14:17:11+00:00","og_image":[{"width":700,"height":370,"url":"https:\/\/kyb-europe.com\/portugal\/wp-content\/uploads\/sites\/49\/2018\/09\/automechanika-1.jpg","type":"image\/jpeg"}],"author":"sueclough","twitter_card":"summary_large_image","twitter_misc":{"Escrito por":"sueclough","Tempo estimado de leitura":"3 minutos"},"schema":{"@context":"https:\/\/schema.org","@graph":[{"@type":"Article","@id":"https:\/\/kyb-europe.com\/portugal\/blog\/kyb-focada-no-futuro-na-automechanika-frankfurt\/#article","isPartOf":{"@id":"https:\/\/kyb-europe.com\/portugal\/blog\/kyb-focada-no-futuro-na-automechanika-frankfurt\/"},"author":{"name":"sueclough","@id":"https:\/\/kyb-europe.com\/portugal\/#\/schema\/person\/ff46991e9eec3c8ee4075b215954a453"},"headline":"KYB focada no futuro na Automechanika Frankfurt","datePublished":"2018-09-27T14:06:37+00:00","dateModified":"2021-09-13T14:17:11+00:00","mainEntityOfPage":{"@id":"https:\/\/kyb-europe.com\/portugal\/blog\/kyb-focada-no-futuro-na-automechanika-frankfurt\/"},"wordCount":530,"publisher":{"@id":"https:\/\/kyb-europe.com\/portugal\/#organization"},"image":{"@id":"https:\/\/kyb-europe.com\/portugal\/blog\/kyb-focada-no-futuro-na-automechanika-frankfurt\/#primaryimage"},"thumbnailUrl":"https:\/\/kyb-europe.com\/portugal\/wp-content\/uploads\/sites\/49\/2018\/09\/automechanika-1.jpg","articleSection":["Comunicado de imprensa"],"inLanguage":"pt-PT"},{"@type":"WebPage","@id":"https:\/\/kyb-europe.com\/portugal\/blog\/kyb-focada-no-futuro-na-automechanika-frankfurt\/","url":"https:\/\/kyb-europe.com\/portugal\/blog\/kyb-focada-no-futuro-na-automechanika-frankfurt\/","name":"KYB focada no futuro na Automechanika Frankfurt - Portugu\u00eas","isPartOf":{"@id":"https:\/\/kyb-europe.com\/portugal\/#website"},"primaryImageOfPage":{"@id":"https:\/\/kyb-europe.com\/portugal\/blog\/kyb-focada-no-futuro-na-automechanika-frankfurt\/#primaryimage"},"image":{"@id":"https:\/\/kyb-europe.com\/portugal\/blog\/kyb-focada-no-futuro-na-automechanika-frankfurt\/#primaryimage"},"thumbnailUrl":"https:\/\/kyb-europe.com\/portugal\/wp-content\/uploads\/sites\/49\/2018\/09\/automechanika-1.jpg","datePublished":"2018-09-27T14:06:37+00:00","dateModified":"2021-09-13T14:17:11+00:00","inLanguage":"pt-PT","potentialAction":[{"@type":"ReadAction","target":["https:\/\/kyb-europe.com\/portugal\/blog\/kyb-focada-no-futuro-na-automechanika-frankfurt\/"]}]},{"@type":"ImageObject","inLanguage":"pt-PT","@id":"https:\/\/kyb-europe.com\/portugal\/blog\/kyb-focada-no-futuro-na-automechanika-frankfurt\/#primaryimage","url":"https:\/\/kyb-europe.com\/portugal\/wp-content\/uploads\/sites\/49\/2018\/09\/automechanika-1.jpg","contentUrl":"https:\/\/kyb-europe.com\/portugal\/wp-content\/uploads\/sites\/49\/2018\/09\/automechanika-1.jpg","width":700,"height":370},{"@type":"WebSite","@id":"https:\/\/kyb-europe.com\/portugal\/#website","url":"https:\/\/kyb-europe.com\/portugal\/","name":"Portugu\u00eas","description":"Our Precision, Your Advantage","publisher":{"@id":"https:\/\/kyb-europe.com\/portugal\/#organization"},"potentialAction":[{"@type":"SearchAction","target":{"@type":"EntryPoint","urlTemplate":"https:\/\/kyb-europe.com\/portugal\/?s={search_term_string}"},"query-input":{"@type":"PropertyValueSpecification","valueRequired":true,"valueName":"search_term_string"}}],"inLanguage":"pt-PT"},{"@type":"Organization","@id":"https:\/\/kyb-europe.com\/portugal\/#organization","name":"Portugu\u00eas","url":"https:\/\/kyb-europe.com\/portugal\/","logo":{"@type":"ImageObject","inLanguage":"pt-PT","@id":"https:\/\/kyb-europe.com\/portugal\/#\/schema\/logo\/image\/","url":"https:\/\/kyb-europe.com\/portugal\/wp-content\/uploads\/sites\/49\/2016\/12\/kyb_logo.png","contentUrl":"https:\/\/kyb-europe.com\/portugal\/wp-content\/uploads\/sites\/49\/2016\/12\/kyb_logo.png","width":295,"height":92,"caption":"Portugu\u00eas"},"image":{"@id":"https:\/\/kyb-europe.com\/portugal\/#\/schema\/logo\/image\/"}},{"@type":"Person","@id":"https:\/\/kyb-europe.com\/portugal\/#\/schema\/person\/ff46991e9eec3c8ee4075b215954a453","name":"sueclough","image":{"@type":"ImageObject","inLanguage":"pt-PT","@id":"https:\/\/secure.gravatar.com\/avatar\/43891ec13d5d8c278782a69cbfddde82f11b9005f84c6f4d816780e3d4f4fa06?s=96&d=mm&r=g","url":"https:\/\/secure.gravatar.com\/avatar\/43891ec13d5d8c278782a69cbfddde82f11b9005f84c6f4d816780e3d4f4fa06?s=96&d=mm&r=g","contentUrl":"https:\/\/secure.gravatar.com\/avatar\/43891ec13d5d8c278782a69cbfddde82f11b9005f84c6f4d816780e3d4f4fa06?s=96&d=mm&r=g","caption":"sueclough"},"url":"https:\/\/kyb-europe.com\/portugal\/blog\/author\/sueclough\/"}]}},"_links":{"self":[{"href":"https:\/\/kyb-europe.com\/portugal\/wp-json\/wp\/v2\/posts\/227914","targetHints":{"allow":["GET"]}}],"collection":[{"href":"https:\/\/kyb-europe.com\/portugal\/wp-json\/wp\/v2\/posts"}],"about":[{"href":"https:\/\/kyb-europe.com\/portugal\/wp-json\/wp\/v2\/types\/post"}],"author":[{"embeddable":true,"href":"https:\/\/kyb-europe.com\/portugal\/wp-json\/wp\/v2\/users\/3"}],"replies":[{"embeddable":true,"href":"https:\/\/kyb-europe.com\/portugal\/wp-json\/wp\/v2\/comments?post=227914"}],"version-history":[{"count":1,"href":"https:\/\/kyb-europe.com\/portugal\/wp-json\/wp\/v2\/posts\/227914\/revisions"}],"predecessor-version":[{"id":228608,"href":"https:\/\/kyb-europe.com\/portugal\/wp-json\/wp\/v2\/posts\/227914\/revisions\/228608"}],"wp:featuredmedia":[{"embeddable":true,"href":"https:\/\/kyb-europe.com\/portugal\/wp-json\/wp\/v2\/media\/228607"}],"wp:attachment":[{"href":"https:\/\/kyb-europe.com\/portugal\/wp-json\/wp\/v2\/media?parent=227914"}],"wp:term":[{"taxonomy":"category","embeddable":true,"href":"https:\/\/kyb-europe.com\/portugal\/wp-json\/wp\/v2\/categories?post=227914"},{"taxonomy":"post_tag","embeddable":true,"href":"https:\/\/kyb-europe.com\/portugal\/wp-json\/wp\/v2\/tags?post=227914"}],"curies":[{"name":"wp","href":"https:\/\/api.w.org\/{rel}","templated":true}]}}