
{"id":227875,"date":"2018-09-07T16:21:41","date_gmt":"2018-09-07T15:21:41","guid":{"rendered":"http:\/\/kyb-europe.com\/portugal\/?p=227875"},"modified":"2021-09-13T15:18:19","modified_gmt":"2021-09-13T14:18:19","slug":"a-kyb-celebra-ter-atingido-os-4-milhoes-de-visualizacoes-de-videos-de-instalacao-de-amortecedores","status":"publish","type":"post","link":"https:\/\/kyb-europe.com\/portugal\/blog\/a-kyb-celebra-ter-atingido-os-4-milhoes-de-visualizacoes-de-videos-de-instalacao-de-amortecedores\/","title":{"rendered":"A KYB celebra ter atingido os 4 milh\u00f5es de visualiza\u00e7\u00f5es de v\u00eddeos de instala\u00e7\u00e3o de amortecedores"},"content":{"rendered":"<p>A KYB Europe Aftermarket est\u00e1 a celebrar ter atingido os 4 milh\u00f5es de visualiza\u00e7\u00f5es dos seus v\u00eddeos de instala\u00e7\u00e3o no seu canal no YouTube.<\/p>\n<p>O melhor leque de v\u00eddeos de instala\u00e7\u00e3o do mercado para substitui\u00e7\u00f5es dif\u00edceis ou incomuns de amortecedores foi lan\u00e7ado em 2013. Atualmente existem mais de 100 v\u00eddeos, que cobrem mais de 380 aplica\u00e7\u00f5es em ve\u00edculos. Os v\u00eddeos s\u00e3o vistos em m\u00e9dia mais de 90 000 vezes por m\u00eas, durante 195 000 minutos.<\/p>\n<p>O v\u00eddeo de instala\u00e7\u00e3o mais visto \u00e9 o dos amortecedores frontais do Peugeot 307, 308 e do Citr\u00f6en C4. S\u00e3o uns amortecedores de dif\u00edcil substitui\u00e7\u00e3o, porque de modo a que se tenha um acesso adequado \u00e0 porca superior, \u00e9 necess\u00e1rio que o t\u00e9cnico remova os limpa-para-brisas, painel de suporte do para-brisas, o recipiente do fluido dos trav\u00f5es e a tampa de cobertura dos limpa-para-brisas.<\/p>\n<p>Em todos os v\u00eddeos de instala\u00e7\u00e3o, a KYB demonstra o processo correto para substituir os amortecedores, incluindo as ferramentas corretas que devem ser utilizadas e as defini\u00e7\u00f5es de geometrias espec\u00edficas.<\/p>\n<p>Se os t\u00e9cnicos souberem de um ve\u00edculo espec\u00edfico em que seja dif\u00edcil substituir os amortecedores, a KYB encoraja-os a entrar em contacto relativamente a esse assunto, visto que pode ser poss\u00edvel fazerem um v\u00eddeo de instala\u00e7\u00e3o para os ajudar. Podem enviar os detalhes do ve\u00edculo (em qualquer idioma) para QR@kyb-europe.com.<\/p>\n","protected":false},"excerpt":{"rendered":"<p>A KYB Europe Aftermarket est\u00e1 a celebrar ter atingido os<a href=\"https:\/\/kyb-europe.com\/portugal\/blog\/a-kyb-celebra-ter-atingido-os-4-milhoes-de-visualizacoes-de-videos-de-instalacao-de-amortecedores\/\">&#8230;<\/a><\/p>\n","protected":false},"author":3,"featured_media":228610,"comment_status":"closed","ping_status":"closed","sticky":false,"template":"","format":"standard","meta":{"_acf_changed":false,"footnotes":""},"categories":[1],"tags":[],"class_list":["post-227875","post","type-post","status-publish","format-standard","has-post-thumbnail","hentry","category-comunicado-de-imprensa"],"acf":[],"yoast_head":"<!-- This site is optimized with the Yoast SEO plugin v27.4 - https:\/\/yoast.com\/product\/yoast-seo-wordpress\/ -->\n<title>A KYB celebra ter atingido os 4 milh\u00f5es de visualiza\u00e7\u00f5es de v\u00eddeos de instala\u00e7\u00e3o de amortecedores - Portugu\u00eas<\/title>\n<meta name=\"robots\" content=\"index, follow, max-snippet:-1, max-image-preview:large, max-video-preview:-1\" \/>\n<link rel=\"canonical\" href=\"https:\/\/kyb-europe.com\/portugal\/blog\/a-kyb-celebra-ter-atingido-os-4-milhoes-de-visualizacoes-de-videos-de-instalacao-de-amortecedores\/\" \/>\n<meta property=\"og:locale\" content=\"pt_PT\" \/>\n<meta property=\"og:type\" content=\"article\" \/>\n<meta property=\"og:title\" content=\"A KYB celebra ter atingido os 4 milh\u00f5es de visualiza\u00e7\u00f5es de v\u00eddeos de instala\u00e7\u00e3o de amortecedores - Portugu\u00eas\" \/>\n<meta property=\"og:description\" content=\"A KYB Europe Aftermarket est\u00e1 a celebrar ter atingido os...\" \/>\n<meta property=\"og:url\" content=\"https:\/\/kyb-europe.com\/portugal\/blog\/a-kyb-celebra-ter-atingido-os-4-milhoes-de-visualizacoes-de-videos-de-instalacao-de-amortecedores\/\" \/>\n<meta property=\"og:site_name\" content=\"Portugu\u00eas\" \/>\n<meta property=\"article:published_time\" content=\"2018-09-07T15:21:41+00:00\" \/>\n<meta property=\"article:modified_time\" content=\"2021-09-13T14:18:19+00:00\" \/>\n<meta property=\"og:image\" content=\"https:\/\/kyb-europe.com\/portugal\/wp-content\/uploads\/sites\/49\/2018\/09\/Fitting-Video.jpg\" \/>\n\t<meta property=\"og:image:width\" content=\"1063\" \/>\n\t<meta property=\"og:image:height\" content=\"595\" \/>\n\t<meta property=\"og:image:type\" content=\"image\/jpeg\" \/>\n<meta name=\"author\" content=\"sueclough\" \/>\n<meta name=\"twitter:card\" content=\"summary_large_image\" \/>\n<meta name=\"twitter:label1\" content=\"Escrito por\" \/>\n\t<meta name=\"twitter:data1\" content=\"sueclough\" \/>\n\t<meta name=\"twitter:label2\" content=\"Tempo estimado de leitura\" \/>\n\t<meta name=\"twitter:data2\" content=\"1 minuto\" \/>\n<script type=\"application\/ld+json\" class=\"yoast-schema-graph\">{\"@context\":\"https:\\\/\\\/schema.org\",\"@graph\":[{\"@type\":\"Article\",\"@id\":\"https:\\\/\\\/kyb-europe.com\\\/portugal\\\/blog\\\/a-kyb-celebra-ter-atingido-os-4-milhoes-de-visualizacoes-de-videos-de-instalacao-de-amortecedores\\\/#article\",\"isPartOf\":{\"@id\":\"https:\\\/\\\/kyb-europe.com\\\/portugal\\\/blog\\\/a-kyb-celebra-ter-atingido-os-4-milhoes-de-visualizacoes-de-videos-de-instalacao-de-amortecedores\\\/\"},\"author\":{\"name\":\"sueclough\",\"@id\":\"https:\\\/\\\/kyb-europe.com\\\/portugal\\\/#\\\/schema\\\/person\\\/ff46991e9eec3c8ee4075b215954a453\"},\"headline\":\"A KYB celebra ter atingido os 4 milh\u00f5es de visualiza\u00e7\u00f5es de v\u00eddeos de instala\u00e7\u00e3o de amortecedores\",\"datePublished\":\"2018-09-07T15:21:41+00:00\",\"dateModified\":\"2021-09-13T14:18:19+00:00\",\"mainEntityOfPage\":{\"@id\":\"https:\\\/\\\/kyb-europe.com\\\/portugal\\\/blog\\\/a-kyb-celebra-ter-atingido-os-4-milhoes-de-visualizacoes-de-videos-de-instalacao-de-amortecedores\\\/\"},\"wordCount\":264,\"publisher\":{\"@id\":\"https:\\\/\\\/kyb-europe.com\\\/portugal\\\/#organization\"},\"image\":{\"@id\":\"https:\\\/\\\/kyb-europe.com\\\/portugal\\\/blog\\\/a-kyb-celebra-ter-atingido-os-4-milhoes-de-visualizacoes-de-videos-de-instalacao-de-amortecedores\\\/#primaryimage\"},\"thumbnailUrl\":\"https:\\\/\\\/kyb-europe.com\\\/portugal\\\/wp-content\\\/uploads\\\/sites\\\/49\\\/2018\\\/09\\\/Fitting-Video.jpg\",\"articleSection\":[\"Comunicado de imprensa\"],\"inLanguage\":\"pt-PT\"},{\"@type\":\"WebPage\",\"@id\":\"https:\\\/\\\/kyb-europe.com\\\/portugal\\\/blog\\\/a-kyb-celebra-ter-atingido-os-4-milhoes-de-visualizacoes-de-videos-de-instalacao-de-amortecedores\\\/\",\"url\":\"https:\\\/\\\/kyb-europe.com\\\/portugal\\\/blog\\\/a-kyb-celebra-ter-atingido-os-4-milhoes-de-visualizacoes-de-videos-de-instalacao-de-amortecedores\\\/\",\"name\":\"A KYB celebra ter atingido os 4 milh\u00f5es de visualiza\u00e7\u00f5es de v\u00eddeos de instala\u00e7\u00e3o de amortecedores - Portugu\u00eas\",\"isPartOf\":{\"@id\":\"https:\\\/\\\/kyb-europe.com\\\/portugal\\\/#website\"},\"primaryImageOfPage\":{\"@id\":\"https:\\\/\\\/kyb-europe.com\\\/portugal\\\/blog\\\/a-kyb-celebra-ter-atingido-os-4-milhoes-de-visualizacoes-de-videos-de-instalacao-de-amortecedores\\\/#primaryimage\"},\"image\":{\"@id\":\"https:\\\/\\\/kyb-europe.com\\\/portugal\\\/blog\\\/a-kyb-celebra-ter-atingido-os-4-milhoes-de-visualizacoes-de-videos-de-instalacao-de-amortecedores\\\/#primaryimage\"},\"thumbnailUrl\":\"https:\\\/\\\/kyb-europe.com\\\/portugal\\\/wp-content\\\/uploads\\\/sites\\\/49\\\/2018\\\/09\\\/Fitting-Video.jpg\",\"datePublished\":\"2018-09-07T15:21:41+00:00\",\"dateModified\":\"2021-09-13T14:18:19+00:00\",\"inLanguage\":\"pt-PT\",\"potentialAction\":[{\"@type\":\"ReadAction\",\"target\":[\"https:\\\/\\\/kyb-europe.com\\\/portugal\\\/blog\\\/a-kyb-celebra-ter-atingido-os-4-milhoes-de-visualizacoes-de-videos-de-instalacao-de-amortecedores\\\/\"]}]},{\"@type\":\"ImageObject\",\"inLanguage\":\"pt-PT\",\"@id\":\"https:\\\/\\\/kyb-europe.com\\\/portugal\\\/blog\\\/a-kyb-celebra-ter-atingido-os-4-milhoes-de-visualizacoes-de-videos-de-instalacao-de-amortecedores\\\/#primaryimage\",\"url\":\"https:\\\/\\\/kyb-europe.com\\\/portugal\\\/wp-content\\\/uploads\\\/sites\\\/49\\\/2018\\\/09\\\/Fitting-Video.jpg\",\"contentUrl\":\"https:\\\/\\\/kyb-europe.com\\\/portugal\\\/wp-content\\\/uploads\\\/sites\\\/49\\\/2018\\\/09\\\/Fitting-Video.jpg\",\"width\":1063,\"height\":595},{\"@type\":\"WebSite\",\"@id\":\"https:\\\/\\\/kyb-europe.com\\\/portugal\\\/#website\",\"url\":\"https:\\\/\\\/kyb-europe.com\\\/portugal\\\/\",\"name\":\"Portugu\u00eas\",\"description\":\"Our Precision, Your Advantage\",\"publisher\":{\"@id\":\"https:\\\/\\\/kyb-europe.com\\\/portugal\\\/#organization\"},\"potentialAction\":[{\"@type\":\"SearchAction\",\"target\":{\"@type\":\"EntryPoint\",\"urlTemplate\":\"https:\\\/\\\/kyb-europe.com\\\/portugal\\\/?s={search_term_string}\"},\"query-input\":{\"@type\":\"PropertyValueSpecification\",\"valueRequired\":true,\"valueName\":\"search_term_string\"}}],\"inLanguage\":\"pt-PT\"},{\"@type\":\"Organization\",\"@id\":\"https:\\\/\\\/kyb-europe.com\\\/portugal\\\/#organization\",\"name\":\"Portugu\u00eas\",\"url\":\"https:\\\/\\\/kyb-europe.com\\\/portugal\\\/\",\"logo\":{\"@type\":\"ImageObject\",\"inLanguage\":\"pt-PT\",\"@id\":\"https:\\\/\\\/kyb-europe.com\\\/portugal\\\/#\\\/schema\\\/logo\\\/image\\\/\",\"url\":\"https:\\\/\\\/kyb-europe.com\\\/portugal\\\/wp-content\\\/uploads\\\/sites\\\/49\\\/2016\\\/12\\\/kyb_logo.png\",\"contentUrl\":\"https:\\\/\\\/kyb-europe.com\\\/portugal\\\/wp-content\\\/uploads\\\/sites\\\/49\\\/2016\\\/12\\\/kyb_logo.png\",\"width\":295,\"height\":92,\"caption\":\"Portugu\u00eas\"},\"image\":{\"@id\":\"https:\\\/\\\/kyb-europe.com\\\/portugal\\\/#\\\/schema\\\/logo\\\/image\\\/\"}},{\"@type\":\"Person\",\"@id\":\"https:\\\/\\\/kyb-europe.com\\\/portugal\\\/#\\\/schema\\\/person\\\/ff46991e9eec3c8ee4075b215954a453\",\"name\":\"sueclough\",\"image\":{\"@type\":\"ImageObject\",\"inLanguage\":\"pt-PT\",\"@id\":\"https:\\\/\\\/secure.gravatar.com\\\/avatar\\\/43891ec13d5d8c278782a69cbfddde82f11b9005f84c6f4d816780e3d4f4fa06?s=96&d=mm&r=g\",\"url\":\"https:\\\/\\\/secure.gravatar.com\\\/avatar\\\/43891ec13d5d8c278782a69cbfddde82f11b9005f84c6f4d816780e3d4f4fa06?s=96&d=mm&r=g\",\"contentUrl\":\"https:\\\/\\\/secure.gravatar.com\\\/avatar\\\/43891ec13d5d8c278782a69cbfddde82f11b9005f84c6f4d816780e3d4f4fa06?s=96&d=mm&r=g\",\"caption\":\"sueclough\"},\"url\":\"https:\\\/\\\/kyb-europe.com\\\/portugal\\\/blog\\\/author\\\/sueclough\\\/\"}]}<\/script>\n<!-- \/ Yoast SEO plugin. -->","yoast_head_json":{"title":"A KYB celebra ter atingido os 4 milh\u00f5es de visualiza\u00e7\u00f5es de v\u00eddeos de instala\u00e7\u00e3o de amortecedores - Portugu\u00eas","robots":{"index":"index","follow":"follow","max-snippet":"max-snippet:-1","max-image-preview":"max-image-preview:large","max-video-preview":"max-video-preview:-1"},"canonical":"https:\/\/kyb-europe.com\/portugal\/blog\/a-kyb-celebra-ter-atingido-os-4-milhoes-de-visualizacoes-de-videos-de-instalacao-de-amortecedores\/","og_locale":"pt_PT","og_type":"article","og_title":"A KYB celebra ter atingido os 4 milh\u00f5es de visualiza\u00e7\u00f5es de v\u00eddeos de instala\u00e7\u00e3o de amortecedores - Portugu\u00eas","og_description":"A KYB Europe Aftermarket est\u00e1 a celebrar ter atingido os...","og_url":"https:\/\/kyb-europe.com\/portugal\/blog\/a-kyb-celebra-ter-atingido-os-4-milhoes-de-visualizacoes-de-videos-de-instalacao-de-amortecedores\/","og_site_name":"Portugu\u00eas","article_published_time":"2018-09-07T15:21:41+00:00","article_modified_time":"2021-09-13T14:18:19+00:00","og_image":[{"width":1063,"height":595,"url":"https:\/\/kyb-europe.com\/portugal\/wp-content\/uploads\/sites\/49\/2018\/09\/Fitting-Video.jpg","type":"image\/jpeg"}],"author":"sueclough","twitter_card":"summary_large_image","twitter_misc":{"Escrito por":"sueclough","Tempo estimado de leitura":"1 minuto"},"schema":{"@context":"https:\/\/schema.org","@graph":[{"@type":"Article","@id":"https:\/\/kyb-europe.com\/portugal\/blog\/a-kyb-celebra-ter-atingido-os-4-milhoes-de-visualizacoes-de-videos-de-instalacao-de-amortecedores\/#article","isPartOf":{"@id":"https:\/\/kyb-europe.com\/portugal\/blog\/a-kyb-celebra-ter-atingido-os-4-milhoes-de-visualizacoes-de-videos-de-instalacao-de-amortecedores\/"},"author":{"name":"sueclough","@id":"https:\/\/kyb-europe.com\/portugal\/#\/schema\/person\/ff46991e9eec3c8ee4075b215954a453"},"headline":"A KYB celebra ter atingido os 4 milh\u00f5es de visualiza\u00e7\u00f5es de v\u00eddeos de instala\u00e7\u00e3o de amortecedores","datePublished":"2018-09-07T15:21:41+00:00","dateModified":"2021-09-13T14:18:19+00:00","mainEntityOfPage":{"@id":"https:\/\/kyb-europe.com\/portugal\/blog\/a-kyb-celebra-ter-atingido-os-4-milhoes-de-visualizacoes-de-videos-de-instalacao-de-amortecedores\/"},"wordCount":264,"publisher":{"@id":"https:\/\/kyb-europe.com\/portugal\/#organization"},"image":{"@id":"https:\/\/kyb-europe.com\/portugal\/blog\/a-kyb-celebra-ter-atingido-os-4-milhoes-de-visualizacoes-de-videos-de-instalacao-de-amortecedores\/#primaryimage"},"thumbnailUrl":"https:\/\/kyb-europe.com\/portugal\/wp-content\/uploads\/sites\/49\/2018\/09\/Fitting-Video.jpg","articleSection":["Comunicado de imprensa"],"inLanguage":"pt-PT"},{"@type":"WebPage","@id":"https:\/\/kyb-europe.com\/portugal\/blog\/a-kyb-celebra-ter-atingido-os-4-milhoes-de-visualizacoes-de-videos-de-instalacao-de-amortecedores\/","url":"https:\/\/kyb-europe.com\/portugal\/blog\/a-kyb-celebra-ter-atingido-os-4-milhoes-de-visualizacoes-de-videos-de-instalacao-de-amortecedores\/","name":"A KYB celebra ter atingido os 4 milh\u00f5es de visualiza\u00e7\u00f5es de v\u00eddeos de instala\u00e7\u00e3o de amortecedores - Portugu\u00eas","isPartOf":{"@id":"https:\/\/kyb-europe.com\/portugal\/#website"},"primaryImageOfPage":{"@id":"https:\/\/kyb-europe.com\/portugal\/blog\/a-kyb-celebra-ter-atingido-os-4-milhoes-de-visualizacoes-de-videos-de-instalacao-de-amortecedores\/#primaryimage"},"image":{"@id":"https:\/\/kyb-europe.com\/portugal\/blog\/a-kyb-celebra-ter-atingido-os-4-milhoes-de-visualizacoes-de-videos-de-instalacao-de-amortecedores\/#primaryimage"},"thumbnailUrl":"https:\/\/kyb-europe.com\/portugal\/wp-content\/uploads\/sites\/49\/2018\/09\/Fitting-Video.jpg","datePublished":"2018-09-07T15:21:41+00:00","dateModified":"2021-09-13T14:18:19+00:00","inLanguage":"pt-PT","potentialAction":[{"@type":"ReadAction","target":["https:\/\/kyb-europe.com\/portugal\/blog\/a-kyb-celebra-ter-atingido-os-4-milhoes-de-visualizacoes-de-videos-de-instalacao-de-amortecedores\/"]}]},{"@type":"ImageObject","inLanguage":"pt-PT","@id":"https:\/\/kyb-europe.com\/portugal\/blog\/a-kyb-celebra-ter-atingido-os-4-milhoes-de-visualizacoes-de-videos-de-instalacao-de-amortecedores\/#primaryimage","url":"https:\/\/kyb-europe.com\/portugal\/wp-content\/uploads\/sites\/49\/2018\/09\/Fitting-Video.jpg","contentUrl":"https:\/\/kyb-europe.com\/portugal\/wp-content\/uploads\/sites\/49\/2018\/09\/Fitting-Video.jpg","width":1063,"height":595},{"@type":"WebSite","@id":"https:\/\/kyb-europe.com\/portugal\/#website","url":"https:\/\/kyb-europe.com\/portugal\/","name":"Portugu\u00eas","description":"Our Precision, Your Advantage","publisher":{"@id":"https:\/\/kyb-europe.com\/portugal\/#organization"},"potentialAction":[{"@type":"SearchAction","target":{"@type":"EntryPoint","urlTemplate":"https:\/\/kyb-europe.com\/portugal\/?s={search_term_string}"},"query-input":{"@type":"PropertyValueSpecification","valueRequired":true,"valueName":"search_term_string"}}],"inLanguage":"pt-PT"},{"@type":"Organization","@id":"https:\/\/kyb-europe.com\/portugal\/#organization","name":"Portugu\u00eas","url":"https:\/\/kyb-europe.com\/portugal\/","logo":{"@type":"ImageObject","inLanguage":"pt-PT","@id":"https:\/\/kyb-europe.com\/portugal\/#\/schema\/logo\/image\/","url":"https:\/\/kyb-europe.com\/portugal\/wp-content\/uploads\/sites\/49\/2016\/12\/kyb_logo.png","contentUrl":"https:\/\/kyb-europe.com\/portugal\/wp-content\/uploads\/sites\/49\/2016\/12\/kyb_logo.png","width":295,"height":92,"caption":"Portugu\u00eas"},"image":{"@id":"https:\/\/kyb-europe.com\/portugal\/#\/schema\/logo\/image\/"}},{"@type":"Person","@id":"https:\/\/kyb-europe.com\/portugal\/#\/schema\/person\/ff46991e9eec3c8ee4075b215954a453","name":"sueclough","image":{"@type":"ImageObject","inLanguage":"pt-PT","@id":"https:\/\/secure.gravatar.com\/avatar\/43891ec13d5d8c278782a69cbfddde82f11b9005f84c6f4d816780e3d4f4fa06?s=96&d=mm&r=g","url":"https:\/\/secure.gravatar.com\/avatar\/43891ec13d5d8c278782a69cbfddde82f11b9005f84c6f4d816780e3d4f4fa06?s=96&d=mm&r=g","contentUrl":"https:\/\/secure.gravatar.com\/avatar\/43891ec13d5d8c278782a69cbfddde82f11b9005f84c6f4d816780e3d4f4fa06?s=96&d=mm&r=g","caption":"sueclough"},"url":"https:\/\/kyb-europe.com\/portugal\/blog\/author\/sueclough\/"}]}},"_links":{"self":[{"href":"https:\/\/kyb-europe.com\/portugal\/wp-json\/wp\/v2\/posts\/227875","targetHints":{"allow":["GET"]}}],"collection":[{"href":"https:\/\/kyb-europe.com\/portugal\/wp-json\/wp\/v2\/posts"}],"about":[{"href":"https:\/\/kyb-europe.com\/portugal\/wp-json\/wp\/v2\/types\/post"}],"author":[{"embeddable":true,"href":"https:\/\/kyb-europe.com\/portugal\/wp-json\/wp\/v2\/users\/3"}],"replies":[{"embeddable":true,"href":"https:\/\/kyb-europe.com\/portugal\/wp-json\/wp\/v2\/comments?post=227875"}],"version-history":[{"count":1,"href":"https:\/\/kyb-europe.com\/portugal\/wp-json\/wp\/v2\/posts\/227875\/revisions"}],"predecessor-version":[{"id":228611,"href":"https:\/\/kyb-europe.com\/portugal\/wp-json\/wp\/v2\/posts\/227875\/revisions\/228611"}],"wp:featuredmedia":[{"embeddable":true,"href":"https:\/\/kyb-europe.com\/portugal\/wp-json\/wp\/v2\/media\/228610"}],"wp:attachment":[{"href":"https:\/\/kyb-europe.com\/portugal\/wp-json\/wp\/v2\/media?parent=227875"}],"wp:term":[{"taxonomy":"category","embeddable":true,"href":"https:\/\/kyb-europe.com\/portugal\/wp-json\/wp\/v2\/categories?post=227875"},{"taxonomy":"post_tag","embeddable":true,"href":"https:\/\/kyb-europe.com\/portugal\/wp-json\/wp\/v2\/tags?post=227875"}],"curies":[{"name":"wp","href":"https:\/\/api.w.org\/{rel}","templated":true}]}}