
{"id":227854,"date":"2018-07-20T10:32:11","date_gmt":"2018-07-20T09:32:11","guid":{"rendered":"http:\/\/kyb-europe.com\/portugal\/?p=227854"},"modified":"2021-09-13T15:19:13","modified_gmt":"2021-09-13T14:19:13","slug":"a-kyb-sera-neutra-em-termos-de-emissao-de-carbono-na-automechanika-frankfurt","status":"publish","type":"post","link":"https:\/\/kyb-europe.com\/portugal\/blog\/a-kyb-sera-neutra-em-termos-de-emissao-de-carbono-na-automechanika-frankfurt\/","title":{"rendered":"a KYB ser\u00e1 neutra em termos de emiss\u00e3o de carbono na Automechanika Frankfurt"},"content":{"rendered":"<p>A KYB Europe Aftermarket estar\u00e1 presente na Automechanika em Frankfurt de 11 a 15 de setembro. O fornecedor l\u00edder de amortecedores, molas helicoidais e kits de montagem da suspens\u00e3o para a ind\u00fastria autom\u00f3vel estar\u00e1 no stand E31 no Pavilh\u00e3o 4.<\/p>\n<p>Com colegas a viajar de toda a Europa, bem como do Jap\u00e3o e da Am\u00e9rica, a KYB queria limitar o impacto cuja participa\u00e7\u00e3o neste importante evento da ind\u00fastria autom\u00f3vel ter\u00e1 para o ambiente. Tendo em conta os voos, as viagens de autom\u00f3vel, a constru\u00e7\u00e3o do stand, a prepara\u00e7\u00e3o de comida e bebidas e o alojamento, a quantidade de CO2 que se prev\u00ea que ser\u00e1 gerada foi calculada por um especialista independente online. Para compensar isto, a KYB fez um donativo a uma institui\u00e7\u00e3o ambiental com vista a apoiar o trabalho da mesma no combate \u00e0s altera\u00e7\u00f5es clim\u00e1ticas. Isto faz parte do compromisso global da KYB de Responsabilidade Social Corporativa.<\/p>\n<p>Durante a Automechanika, a KYB apresentar\u00e1 o seu crescente portef\u00f3lio de ferramentas de apoio que se destinam a ajudar os t\u00e9cnicos que instalam produtos KYB. Isto inclui a nova Aplica\u00e7\u00e3o KYB Suspension Solutions, que tem alguns novos complementos fant\u00e1sticos que ser\u00e3o lan\u00e7ados em exclusivo na feira. Visite o stand para saber mais!<\/p>\n<p>Jordan Day, Diretor de Marketing da KYB Europe Aftermarket, explica que &#8220;a KYB acredita que a forma\u00e7\u00e3o e a assist\u00eancia s\u00e3o elementos fundamentais para o sucesso dos respetivos clientes. A KYB continua a investir e a expandir a valiosa gama de ferramentas de apoio aos t\u00e9cnicos. A Automechanika \u00e9 uma excelente plataforma para demonstrar o que est\u00e1 dispon\u00edvel para os clientes existentes e potenciais. Essencialmente, tamb\u00e9m nos d\u00e1 a oportunidade de comunicarmos com um vasto n\u00famero de pessoas de muitos pa\u00edses diferentes e de receber feedback acerca de como podemos continuar a melhorar o nosso programa de apoio \u00e0s Solu\u00e7\u00f5es de Suspens\u00e3o.&#8221;<\/p>\n<p>O programa de Solu\u00e7\u00f5es de Suspens\u00e3o tamb\u00e9m inclui imagens de 360 graus, v\u00eddeos de instala\u00e7\u00e3o, conselhos de instala\u00e7\u00e3o de pe\u00e7as espec\u00edficas atrav\u00e9s de c\u00f3digos QR e apoio t\u00e9cnico online.<\/p>\n","protected":false},"excerpt":{"rendered":"<p>A KYB Europe Aftermarket estar\u00e1 presente na Automechanika em Frankfurt<a href=\"https:\/\/kyb-europe.com\/portugal\/blog\/a-kyb-sera-neutra-em-termos-de-emissao-de-carbono-na-automechanika-frankfurt\/\">&#8230;<\/a><\/p>\n","protected":false},"author":3,"featured_media":228612,"comment_status":"closed","ping_status":"closed","sticky":false,"template":"","format":"standard","meta":{"_acf_changed":false,"footnotes":""},"categories":[1],"tags":[],"class_list":["post-227854","post","type-post","status-publish","format-standard","has-post-thumbnail","hentry","category-comunicado-de-imprensa"],"acf":[],"yoast_head":"<!-- This site is optimized with the Yoast SEO plugin v27.4 - https:\/\/yoast.com\/product\/yoast-seo-wordpress\/ -->\n<title>a KYB ser\u00e1 neutra em termos de emiss\u00e3o de carbono na Automechanika Frankfurt - Portugu\u00eas<\/title>\n<meta name=\"robots\" content=\"index, follow, max-snippet:-1, max-image-preview:large, max-video-preview:-1\" \/>\n<link rel=\"canonical\" href=\"https:\/\/kyb-europe.com\/portugal\/blog\/a-kyb-sera-neutra-em-termos-de-emissao-de-carbono-na-automechanika-frankfurt\/\" \/>\n<meta property=\"og:locale\" content=\"pt_PT\" \/>\n<meta property=\"og:type\" content=\"article\" \/>\n<meta property=\"og:title\" content=\"a KYB ser\u00e1 neutra em termos de emiss\u00e3o de carbono na Automechanika Frankfurt - Portugu\u00eas\" \/>\n<meta property=\"og:description\" content=\"A KYB Europe Aftermarket estar\u00e1 presente na Automechanika em Frankfurt...\" \/>\n<meta property=\"og:url\" content=\"https:\/\/kyb-europe.com\/portugal\/blog\/a-kyb-sera-neutra-em-termos-de-emissao-de-carbono-na-automechanika-frankfurt\/\" \/>\n<meta property=\"og:site_name\" content=\"Portugu\u00eas\" \/>\n<meta property=\"article:published_time\" content=\"2018-07-20T09:32:11+00:00\" \/>\n<meta property=\"article:modified_time\" content=\"2021-09-13T14:19:13+00:00\" \/>\n<meta property=\"og:image\" content=\"https:\/\/kyb-europe.com\/portugal\/wp-content\/uploads\/sites\/49\/2018\/07\/kyb_carbon_neutral.jpg\" \/>\n\t<meta property=\"og:image:width\" content=\"700\" \/>\n\t<meta property=\"og:image:height\" content=\"370\" \/>\n\t<meta property=\"og:image:type\" content=\"image\/jpeg\" \/>\n<meta name=\"author\" content=\"sueclough\" \/>\n<meta name=\"twitter:card\" content=\"summary_large_image\" \/>\n<meta name=\"twitter:label1\" content=\"Escrito por\" \/>\n\t<meta name=\"twitter:data1\" content=\"sueclough\" \/>\n\t<meta name=\"twitter:label2\" content=\"Tempo estimado de leitura\" \/>\n\t<meta name=\"twitter:data2\" content=\"2 minutos\" \/>\n<script type=\"application\/ld+json\" class=\"yoast-schema-graph\">{\"@context\":\"https:\\\/\\\/schema.org\",\"@graph\":[{\"@type\":\"Article\",\"@id\":\"https:\\\/\\\/kyb-europe.com\\\/portugal\\\/blog\\\/a-kyb-sera-neutra-em-termos-de-emissao-de-carbono-na-automechanika-frankfurt\\\/#article\",\"isPartOf\":{\"@id\":\"https:\\\/\\\/kyb-europe.com\\\/portugal\\\/blog\\\/a-kyb-sera-neutra-em-termos-de-emissao-de-carbono-na-automechanika-frankfurt\\\/\"},\"author\":{\"name\":\"sueclough\",\"@id\":\"https:\\\/\\\/kyb-europe.com\\\/portugal\\\/#\\\/schema\\\/person\\\/ff46991e9eec3c8ee4075b215954a453\"},\"headline\":\"a KYB ser\u00e1 neutra em termos de emiss\u00e3o de carbono na Automechanika Frankfurt\",\"datePublished\":\"2018-07-20T09:32:11+00:00\",\"dateModified\":\"2021-09-13T14:19:13+00:00\",\"mainEntityOfPage\":{\"@id\":\"https:\\\/\\\/kyb-europe.com\\\/portugal\\\/blog\\\/a-kyb-sera-neutra-em-termos-de-emissao-de-carbono-na-automechanika-frankfurt\\\/\"},\"wordCount\":384,\"publisher\":{\"@id\":\"https:\\\/\\\/kyb-europe.com\\\/portugal\\\/#organization\"},\"image\":{\"@id\":\"https:\\\/\\\/kyb-europe.com\\\/portugal\\\/blog\\\/a-kyb-sera-neutra-em-termos-de-emissao-de-carbono-na-automechanika-frankfurt\\\/#primaryimage\"},\"thumbnailUrl\":\"https:\\\/\\\/kyb-europe.com\\\/portugal\\\/wp-content\\\/uploads\\\/sites\\\/49\\\/2018\\\/07\\\/kyb_carbon_neutral.jpg\",\"articleSection\":[\"Comunicado de imprensa\"],\"inLanguage\":\"pt-PT\"},{\"@type\":\"WebPage\",\"@id\":\"https:\\\/\\\/kyb-europe.com\\\/portugal\\\/blog\\\/a-kyb-sera-neutra-em-termos-de-emissao-de-carbono-na-automechanika-frankfurt\\\/\",\"url\":\"https:\\\/\\\/kyb-europe.com\\\/portugal\\\/blog\\\/a-kyb-sera-neutra-em-termos-de-emissao-de-carbono-na-automechanika-frankfurt\\\/\",\"name\":\"a KYB ser\u00e1 neutra em termos de emiss\u00e3o de carbono na Automechanika Frankfurt - Portugu\u00eas\",\"isPartOf\":{\"@id\":\"https:\\\/\\\/kyb-europe.com\\\/portugal\\\/#website\"},\"primaryImageOfPage\":{\"@id\":\"https:\\\/\\\/kyb-europe.com\\\/portugal\\\/blog\\\/a-kyb-sera-neutra-em-termos-de-emissao-de-carbono-na-automechanika-frankfurt\\\/#primaryimage\"},\"image\":{\"@id\":\"https:\\\/\\\/kyb-europe.com\\\/portugal\\\/blog\\\/a-kyb-sera-neutra-em-termos-de-emissao-de-carbono-na-automechanika-frankfurt\\\/#primaryimage\"},\"thumbnailUrl\":\"https:\\\/\\\/kyb-europe.com\\\/portugal\\\/wp-content\\\/uploads\\\/sites\\\/49\\\/2018\\\/07\\\/kyb_carbon_neutral.jpg\",\"datePublished\":\"2018-07-20T09:32:11+00:00\",\"dateModified\":\"2021-09-13T14:19:13+00:00\",\"inLanguage\":\"pt-PT\",\"potentialAction\":[{\"@type\":\"ReadAction\",\"target\":[\"https:\\\/\\\/kyb-europe.com\\\/portugal\\\/blog\\\/a-kyb-sera-neutra-em-termos-de-emissao-de-carbono-na-automechanika-frankfurt\\\/\"]}]},{\"@type\":\"ImageObject\",\"inLanguage\":\"pt-PT\",\"@id\":\"https:\\\/\\\/kyb-europe.com\\\/portugal\\\/blog\\\/a-kyb-sera-neutra-em-termos-de-emissao-de-carbono-na-automechanika-frankfurt\\\/#primaryimage\",\"url\":\"https:\\\/\\\/kyb-europe.com\\\/portugal\\\/wp-content\\\/uploads\\\/sites\\\/49\\\/2018\\\/07\\\/kyb_carbon_neutral.jpg\",\"contentUrl\":\"https:\\\/\\\/kyb-europe.com\\\/portugal\\\/wp-content\\\/uploads\\\/sites\\\/49\\\/2018\\\/07\\\/kyb_carbon_neutral.jpg\",\"width\":700,\"height\":370},{\"@type\":\"WebSite\",\"@id\":\"https:\\\/\\\/kyb-europe.com\\\/portugal\\\/#website\",\"url\":\"https:\\\/\\\/kyb-europe.com\\\/portugal\\\/\",\"name\":\"Portugu\u00eas\",\"description\":\"Our Precision, Your Advantage\",\"publisher\":{\"@id\":\"https:\\\/\\\/kyb-europe.com\\\/portugal\\\/#organization\"},\"potentialAction\":[{\"@type\":\"SearchAction\",\"target\":{\"@type\":\"EntryPoint\",\"urlTemplate\":\"https:\\\/\\\/kyb-europe.com\\\/portugal\\\/?s={search_term_string}\"},\"query-input\":{\"@type\":\"PropertyValueSpecification\",\"valueRequired\":true,\"valueName\":\"search_term_string\"}}],\"inLanguage\":\"pt-PT\"},{\"@type\":\"Organization\",\"@id\":\"https:\\\/\\\/kyb-europe.com\\\/portugal\\\/#organization\",\"name\":\"Portugu\u00eas\",\"url\":\"https:\\\/\\\/kyb-europe.com\\\/portugal\\\/\",\"logo\":{\"@type\":\"ImageObject\",\"inLanguage\":\"pt-PT\",\"@id\":\"https:\\\/\\\/kyb-europe.com\\\/portugal\\\/#\\\/schema\\\/logo\\\/image\\\/\",\"url\":\"https:\\\/\\\/kyb-europe.com\\\/portugal\\\/wp-content\\\/uploads\\\/sites\\\/49\\\/2016\\\/12\\\/kyb_logo.png\",\"contentUrl\":\"https:\\\/\\\/kyb-europe.com\\\/portugal\\\/wp-content\\\/uploads\\\/sites\\\/49\\\/2016\\\/12\\\/kyb_logo.png\",\"width\":295,\"height\":92,\"caption\":\"Portugu\u00eas\"},\"image\":{\"@id\":\"https:\\\/\\\/kyb-europe.com\\\/portugal\\\/#\\\/schema\\\/logo\\\/image\\\/\"}},{\"@type\":\"Person\",\"@id\":\"https:\\\/\\\/kyb-europe.com\\\/portugal\\\/#\\\/schema\\\/person\\\/ff46991e9eec3c8ee4075b215954a453\",\"name\":\"sueclough\",\"image\":{\"@type\":\"ImageObject\",\"inLanguage\":\"pt-PT\",\"@id\":\"https:\\\/\\\/secure.gravatar.com\\\/avatar\\\/43891ec13d5d8c278782a69cbfddde82f11b9005f84c6f4d816780e3d4f4fa06?s=96&d=mm&r=g\",\"url\":\"https:\\\/\\\/secure.gravatar.com\\\/avatar\\\/43891ec13d5d8c278782a69cbfddde82f11b9005f84c6f4d816780e3d4f4fa06?s=96&d=mm&r=g\",\"contentUrl\":\"https:\\\/\\\/secure.gravatar.com\\\/avatar\\\/43891ec13d5d8c278782a69cbfddde82f11b9005f84c6f4d816780e3d4f4fa06?s=96&d=mm&r=g\",\"caption\":\"sueclough\"},\"url\":\"https:\\\/\\\/kyb-europe.com\\\/portugal\\\/blog\\\/author\\\/sueclough\\\/\"}]}<\/script>\n<!-- \/ Yoast SEO plugin. -->","yoast_head_json":{"title":"a KYB ser\u00e1 neutra em termos de emiss\u00e3o de carbono na Automechanika Frankfurt - Portugu\u00eas","robots":{"index":"index","follow":"follow","max-snippet":"max-snippet:-1","max-image-preview":"max-image-preview:large","max-video-preview":"max-video-preview:-1"},"canonical":"https:\/\/kyb-europe.com\/portugal\/blog\/a-kyb-sera-neutra-em-termos-de-emissao-de-carbono-na-automechanika-frankfurt\/","og_locale":"pt_PT","og_type":"article","og_title":"a KYB ser\u00e1 neutra em termos de emiss\u00e3o de carbono na Automechanika Frankfurt - Portugu\u00eas","og_description":"A KYB Europe Aftermarket estar\u00e1 presente na Automechanika em Frankfurt...","og_url":"https:\/\/kyb-europe.com\/portugal\/blog\/a-kyb-sera-neutra-em-termos-de-emissao-de-carbono-na-automechanika-frankfurt\/","og_site_name":"Portugu\u00eas","article_published_time":"2018-07-20T09:32:11+00:00","article_modified_time":"2021-09-13T14:19:13+00:00","og_image":[{"width":700,"height":370,"url":"https:\/\/kyb-europe.com\/portugal\/wp-content\/uploads\/sites\/49\/2018\/07\/kyb_carbon_neutral.jpg","type":"image\/jpeg"}],"author":"sueclough","twitter_card":"summary_large_image","twitter_misc":{"Escrito por":"sueclough","Tempo estimado de leitura":"2 minutos"},"schema":{"@context":"https:\/\/schema.org","@graph":[{"@type":"Article","@id":"https:\/\/kyb-europe.com\/portugal\/blog\/a-kyb-sera-neutra-em-termos-de-emissao-de-carbono-na-automechanika-frankfurt\/#article","isPartOf":{"@id":"https:\/\/kyb-europe.com\/portugal\/blog\/a-kyb-sera-neutra-em-termos-de-emissao-de-carbono-na-automechanika-frankfurt\/"},"author":{"name":"sueclough","@id":"https:\/\/kyb-europe.com\/portugal\/#\/schema\/person\/ff46991e9eec3c8ee4075b215954a453"},"headline":"a KYB ser\u00e1 neutra em termos de emiss\u00e3o de carbono na Automechanika Frankfurt","datePublished":"2018-07-20T09:32:11+00:00","dateModified":"2021-09-13T14:19:13+00:00","mainEntityOfPage":{"@id":"https:\/\/kyb-europe.com\/portugal\/blog\/a-kyb-sera-neutra-em-termos-de-emissao-de-carbono-na-automechanika-frankfurt\/"},"wordCount":384,"publisher":{"@id":"https:\/\/kyb-europe.com\/portugal\/#organization"},"image":{"@id":"https:\/\/kyb-europe.com\/portugal\/blog\/a-kyb-sera-neutra-em-termos-de-emissao-de-carbono-na-automechanika-frankfurt\/#primaryimage"},"thumbnailUrl":"https:\/\/kyb-europe.com\/portugal\/wp-content\/uploads\/sites\/49\/2018\/07\/kyb_carbon_neutral.jpg","articleSection":["Comunicado de imprensa"],"inLanguage":"pt-PT"},{"@type":"WebPage","@id":"https:\/\/kyb-europe.com\/portugal\/blog\/a-kyb-sera-neutra-em-termos-de-emissao-de-carbono-na-automechanika-frankfurt\/","url":"https:\/\/kyb-europe.com\/portugal\/blog\/a-kyb-sera-neutra-em-termos-de-emissao-de-carbono-na-automechanika-frankfurt\/","name":"a KYB ser\u00e1 neutra em termos de emiss\u00e3o de carbono na Automechanika Frankfurt - Portugu\u00eas","isPartOf":{"@id":"https:\/\/kyb-europe.com\/portugal\/#website"},"primaryImageOfPage":{"@id":"https:\/\/kyb-europe.com\/portugal\/blog\/a-kyb-sera-neutra-em-termos-de-emissao-de-carbono-na-automechanika-frankfurt\/#primaryimage"},"image":{"@id":"https:\/\/kyb-europe.com\/portugal\/blog\/a-kyb-sera-neutra-em-termos-de-emissao-de-carbono-na-automechanika-frankfurt\/#primaryimage"},"thumbnailUrl":"https:\/\/kyb-europe.com\/portugal\/wp-content\/uploads\/sites\/49\/2018\/07\/kyb_carbon_neutral.jpg","datePublished":"2018-07-20T09:32:11+00:00","dateModified":"2021-09-13T14:19:13+00:00","inLanguage":"pt-PT","potentialAction":[{"@type":"ReadAction","target":["https:\/\/kyb-europe.com\/portugal\/blog\/a-kyb-sera-neutra-em-termos-de-emissao-de-carbono-na-automechanika-frankfurt\/"]}]},{"@type":"ImageObject","inLanguage":"pt-PT","@id":"https:\/\/kyb-europe.com\/portugal\/blog\/a-kyb-sera-neutra-em-termos-de-emissao-de-carbono-na-automechanika-frankfurt\/#primaryimage","url":"https:\/\/kyb-europe.com\/portugal\/wp-content\/uploads\/sites\/49\/2018\/07\/kyb_carbon_neutral.jpg","contentUrl":"https:\/\/kyb-europe.com\/portugal\/wp-content\/uploads\/sites\/49\/2018\/07\/kyb_carbon_neutral.jpg","width":700,"height":370},{"@type":"WebSite","@id":"https:\/\/kyb-europe.com\/portugal\/#website","url":"https:\/\/kyb-europe.com\/portugal\/","name":"Portugu\u00eas","description":"Our Precision, Your Advantage","publisher":{"@id":"https:\/\/kyb-europe.com\/portugal\/#organization"},"potentialAction":[{"@type":"SearchAction","target":{"@type":"EntryPoint","urlTemplate":"https:\/\/kyb-europe.com\/portugal\/?s={search_term_string}"},"query-input":{"@type":"PropertyValueSpecification","valueRequired":true,"valueName":"search_term_string"}}],"inLanguage":"pt-PT"},{"@type":"Organization","@id":"https:\/\/kyb-europe.com\/portugal\/#organization","name":"Portugu\u00eas","url":"https:\/\/kyb-europe.com\/portugal\/","logo":{"@type":"ImageObject","inLanguage":"pt-PT","@id":"https:\/\/kyb-europe.com\/portugal\/#\/schema\/logo\/image\/","url":"https:\/\/kyb-europe.com\/portugal\/wp-content\/uploads\/sites\/49\/2016\/12\/kyb_logo.png","contentUrl":"https:\/\/kyb-europe.com\/portugal\/wp-content\/uploads\/sites\/49\/2016\/12\/kyb_logo.png","width":295,"height":92,"caption":"Portugu\u00eas"},"image":{"@id":"https:\/\/kyb-europe.com\/portugal\/#\/schema\/logo\/image\/"}},{"@type":"Person","@id":"https:\/\/kyb-europe.com\/portugal\/#\/schema\/person\/ff46991e9eec3c8ee4075b215954a453","name":"sueclough","image":{"@type":"ImageObject","inLanguage":"pt-PT","@id":"https:\/\/secure.gravatar.com\/avatar\/43891ec13d5d8c278782a69cbfddde82f11b9005f84c6f4d816780e3d4f4fa06?s=96&d=mm&r=g","url":"https:\/\/secure.gravatar.com\/avatar\/43891ec13d5d8c278782a69cbfddde82f11b9005f84c6f4d816780e3d4f4fa06?s=96&d=mm&r=g","contentUrl":"https:\/\/secure.gravatar.com\/avatar\/43891ec13d5d8c278782a69cbfddde82f11b9005f84c6f4d816780e3d4f4fa06?s=96&d=mm&r=g","caption":"sueclough"},"url":"https:\/\/kyb-europe.com\/portugal\/blog\/author\/sueclough\/"}]}},"_links":{"self":[{"href":"https:\/\/kyb-europe.com\/portugal\/wp-json\/wp\/v2\/posts\/227854","targetHints":{"allow":["GET"]}}],"collection":[{"href":"https:\/\/kyb-europe.com\/portugal\/wp-json\/wp\/v2\/posts"}],"about":[{"href":"https:\/\/kyb-europe.com\/portugal\/wp-json\/wp\/v2\/types\/post"}],"author":[{"embeddable":true,"href":"https:\/\/kyb-europe.com\/portugal\/wp-json\/wp\/v2\/users\/3"}],"replies":[{"embeddable":true,"href":"https:\/\/kyb-europe.com\/portugal\/wp-json\/wp\/v2\/comments?post=227854"}],"version-history":[{"count":1,"href":"https:\/\/kyb-europe.com\/portugal\/wp-json\/wp\/v2\/posts\/227854\/revisions"}],"predecessor-version":[{"id":228613,"href":"https:\/\/kyb-europe.com\/portugal\/wp-json\/wp\/v2\/posts\/227854\/revisions\/228613"}],"wp:featuredmedia":[{"embeddable":true,"href":"https:\/\/kyb-europe.com\/portugal\/wp-json\/wp\/v2\/media\/228612"}],"wp:attachment":[{"href":"https:\/\/kyb-europe.com\/portugal\/wp-json\/wp\/v2\/media?parent=227854"}],"wp:term":[{"taxonomy":"category","embeddable":true,"href":"https:\/\/kyb-europe.com\/portugal\/wp-json\/wp\/v2\/categories?post=227854"},{"taxonomy":"post_tag","embeddable":true,"href":"https:\/\/kyb-europe.com\/portugal\/wp-json\/wp\/v2\/tags?post=227854"}],"curies":[{"name":"wp","href":"https:\/\/api.w.org\/{rel}","templated":true}]}}