
{"id":227607,"date":"2018-05-03T12:09:17","date_gmt":"2018-05-03T11:09:17","guid":{"rendered":"http:\/\/kyb-europe.com\/portugal\/?p=227607"},"modified":"2021-09-13T15:20:29","modified_gmt":"2021-09-13T14:20:29","slug":"kyb-renews-sponsorship-fia-world-rallycross-team","status":"publish","type":"post","link":"https:\/\/kyb-europe.com\/portugal\/blog\/kyb-renews-sponsorship-fia-world-rallycross-team\/","title":{"rendered":"A KYB renova o patroc\u00ednio com equipa do FIA World Rallycross"},"content":{"rendered":"<p>A KYB Corporation renovou o acordo de patroc\u00ednio com a equipa EKS do FIA World Rallycross Championship.<\/p>\n<p>O Audi S1 EKS RX Quattro utiliza a dire\u00e7\u00e3o assistida eletr\u00f3nica (EPS) da KYB que \u00e9 bem conhecida e respeitada no mundo dos desportos motorizados. O log\u00f3tipo da KYB \u00e9 vis\u00edvel tanto nos autom\u00f3veis da EKS como no cami\u00e3o de assist\u00eancia. A EKS \u00e9 constitu\u00edda pelo propriet\u00e1rio sueco da equipa, Mattias Ekstr\u00f6m, e pelo noruegu\u00eas Andreas Bakkerud.<\/p>\n<p>Mattias Ekstr\u00f6m venceu o campeonato em 2016 e terminou em segundo na temporada de 2017. Adora a velocidade. Tendo crescido no meio do rallycross, passou grande parte da sua juventude nos recintos de RX com o seu pai, que tamb\u00e9m era piloto. Mattias tem atualmente 39 anos e percorreu todo o mundo durante mais de 20 anos, fazendo as corridas parte dos seus genes. A EKS \u00e9 a concretiza\u00e7\u00e3o de tudo o que o Mattias gosta nas corridas: a paix\u00e3o, o entusiasmo e a alegria.<\/p>\n<p>O Andreas Bakkerud tem 26 anos e ap\u00f3s 8 anos de competi\u00e7\u00e3o nos kartings, deu o salto para o rallycross aos 15 anos de idade. Esta foi uma jogada inteligente na sua carreira, visto que ele tem tido muito sucesso. Ele continua a ser o \u00fanico piloto na hist\u00f3ria do World RX a ter conseguido a pontua\u00e7\u00e3o m\u00e1xima em todas as fases de um fim de semana de competi\u00e7\u00e3o, vencendo as quatro sess\u00f5es de qualifica\u00e7\u00e3o, a semifinal e a final, na Noruega, em 2016. Ele terminou a temporada de 2017 na 6.\u00aa posi\u00e7\u00e3o da geral, conduzindo um Ford Focus RS.<\/p>\n<p>A EKS tem competido no WRX desde 2014. Na temporada de 2016, a EKS venceu o Campeonato por Equipas, alimentando esperan\u00e7as quanto \u00e0s futuras perspetivas da equipa. Em 2017 a equipa terminou em terceiro da geral. A KYB tem fornecido EPS \u00e0 equipa desde 2015 e continua a disponibilizar apoio t\u00e9cnico a par do novo acordo de patroc\u00ednio.<\/p>\n<p>O rallycross surgiu em 1967 e o WRX teve in\u00edcio em 2014, consistindo em 12 provas de dois dias em todo o mundo, em pistas que s\u00e3o uma mistura de terra e asfalto. Os pilotos conduzem RX Supercars com mais de 600 CV e com uma capacidade de acelerar dos 0 aos 95 km\/h em menos de dois segundos. A KYB publica atualiza\u00e7\u00f5es regulares nas redes sociais acerca da atividade da equipa EKS.<\/p>\n","protected":false},"excerpt":{"rendered":"<p>A KYB Corporation renovou o acordo de patroc\u00ednio com a<a href=\"https:\/\/kyb-europe.com\/portugal\/blog\/kyb-renews-sponsorship-fia-world-rallycross-team\/\">&#8230;<\/a><\/p>\n","protected":false},"author":3,"featured_media":228614,"comment_status":"closed","ping_status":"closed","sticky":false,"template":"","format":"standard","meta":{"_acf_changed":false,"footnotes":""},"categories":[1],"tags":[],"class_list":["post-227607","post","type-post","status-publish","format-standard","has-post-thumbnail","hentry","category-comunicado-de-imprensa"],"acf":[],"yoast_head":"<!-- This site is optimized with the Yoast SEO plugin v27.4 - https:\/\/yoast.com\/product\/yoast-seo-wordpress\/ -->\n<title>A KYB renova o patroc\u00ednio com equipa do FIA World Rallycross - Portugu\u00eas<\/title>\n<meta name=\"robots\" content=\"index, follow, max-snippet:-1, max-image-preview:large, max-video-preview:-1\" \/>\n<link rel=\"canonical\" href=\"https:\/\/kyb-europe.com\/portugal\/blog\/kyb-renews-sponsorship-fia-world-rallycross-team\/\" \/>\n<meta property=\"og:locale\" content=\"pt_PT\" \/>\n<meta property=\"og:type\" content=\"article\" \/>\n<meta property=\"og:title\" content=\"A KYB renova o patroc\u00ednio com equipa do FIA World Rallycross - Portugu\u00eas\" \/>\n<meta property=\"og:description\" content=\"A KYB Corporation renovou o acordo de patroc\u00ednio com a...\" \/>\n<meta property=\"og:url\" content=\"https:\/\/kyb-europe.com\/portugal\/blog\/kyb-renews-sponsorship-fia-world-rallycross-team\/\" \/>\n<meta property=\"og:site_name\" content=\"Portugu\u00eas\" \/>\n<meta property=\"article:published_time\" content=\"2018-05-03T11:09:17+00:00\" \/>\n<meta property=\"article:modified_time\" content=\"2021-09-13T14:20:29+00:00\" \/>\n<meta property=\"og:image\" content=\"https:\/\/kyb-europe.com\/portugal\/wp-content\/uploads\/sites\/49\/2018\/05\/kyb_fia_world_rallycross-1.jpg\" \/>\n\t<meta property=\"og:image:width\" content=\"700\" \/>\n\t<meta property=\"og:image:height\" content=\"370\" \/>\n\t<meta property=\"og:image:type\" content=\"image\/jpeg\" \/>\n<meta name=\"author\" content=\"sueclough\" \/>\n<meta name=\"twitter:card\" content=\"summary_large_image\" \/>\n<meta name=\"twitter:label1\" content=\"Escrito por\" \/>\n\t<meta name=\"twitter:data1\" content=\"sueclough\" \/>\n\t<meta name=\"twitter:label2\" content=\"Tempo estimado de leitura\" \/>\n\t<meta name=\"twitter:data2\" content=\"2 minutos\" \/>\n<script type=\"application\/ld+json\" class=\"yoast-schema-graph\">{\"@context\":\"https:\\\/\\\/schema.org\",\"@graph\":[{\"@type\":\"Article\",\"@id\":\"https:\\\/\\\/kyb-europe.com\\\/portugal\\\/blog\\\/kyb-renews-sponsorship-fia-world-rallycross-team\\\/#article\",\"isPartOf\":{\"@id\":\"https:\\\/\\\/kyb-europe.com\\\/portugal\\\/blog\\\/kyb-renews-sponsorship-fia-world-rallycross-team\\\/\"},\"author\":{\"name\":\"sueclough\",\"@id\":\"https:\\\/\\\/kyb-europe.com\\\/portugal\\\/#\\\/schema\\\/person\\\/ff46991e9eec3c8ee4075b215954a453\"},\"headline\":\"A KYB renova o patroc\u00ednio com equipa do FIA World Rallycross\",\"datePublished\":\"2018-05-03T11:09:17+00:00\",\"dateModified\":\"2021-09-13T14:20:29+00:00\",\"mainEntityOfPage\":{\"@id\":\"https:\\\/\\\/kyb-europe.com\\\/portugal\\\/blog\\\/kyb-renews-sponsorship-fia-world-rallycross-team\\\/\"},\"wordCount\":409,\"publisher\":{\"@id\":\"https:\\\/\\\/kyb-europe.com\\\/portugal\\\/#organization\"},\"image\":{\"@id\":\"https:\\\/\\\/kyb-europe.com\\\/portugal\\\/blog\\\/kyb-renews-sponsorship-fia-world-rallycross-team\\\/#primaryimage\"},\"thumbnailUrl\":\"https:\\\/\\\/kyb-europe.com\\\/portugal\\\/wp-content\\\/uploads\\\/sites\\\/49\\\/2018\\\/05\\\/kyb_fia_world_rallycross-1.jpg\",\"articleSection\":[\"Comunicado de imprensa\"],\"inLanguage\":\"pt-PT\"},{\"@type\":\"WebPage\",\"@id\":\"https:\\\/\\\/kyb-europe.com\\\/portugal\\\/blog\\\/kyb-renews-sponsorship-fia-world-rallycross-team\\\/\",\"url\":\"https:\\\/\\\/kyb-europe.com\\\/portugal\\\/blog\\\/kyb-renews-sponsorship-fia-world-rallycross-team\\\/\",\"name\":\"A KYB renova o patroc\u00ednio com equipa do FIA World Rallycross - Portugu\u00eas\",\"isPartOf\":{\"@id\":\"https:\\\/\\\/kyb-europe.com\\\/portugal\\\/#website\"},\"primaryImageOfPage\":{\"@id\":\"https:\\\/\\\/kyb-europe.com\\\/portugal\\\/blog\\\/kyb-renews-sponsorship-fia-world-rallycross-team\\\/#primaryimage\"},\"image\":{\"@id\":\"https:\\\/\\\/kyb-europe.com\\\/portugal\\\/blog\\\/kyb-renews-sponsorship-fia-world-rallycross-team\\\/#primaryimage\"},\"thumbnailUrl\":\"https:\\\/\\\/kyb-europe.com\\\/portugal\\\/wp-content\\\/uploads\\\/sites\\\/49\\\/2018\\\/05\\\/kyb_fia_world_rallycross-1.jpg\",\"datePublished\":\"2018-05-03T11:09:17+00:00\",\"dateModified\":\"2021-09-13T14:20:29+00:00\",\"inLanguage\":\"pt-PT\",\"potentialAction\":[{\"@type\":\"ReadAction\",\"target\":[\"https:\\\/\\\/kyb-europe.com\\\/portugal\\\/blog\\\/kyb-renews-sponsorship-fia-world-rallycross-team\\\/\"]}]},{\"@type\":\"ImageObject\",\"inLanguage\":\"pt-PT\",\"@id\":\"https:\\\/\\\/kyb-europe.com\\\/portugal\\\/blog\\\/kyb-renews-sponsorship-fia-world-rallycross-team\\\/#primaryimage\",\"url\":\"https:\\\/\\\/kyb-europe.com\\\/portugal\\\/wp-content\\\/uploads\\\/sites\\\/49\\\/2018\\\/05\\\/kyb_fia_world_rallycross-1.jpg\",\"contentUrl\":\"https:\\\/\\\/kyb-europe.com\\\/portugal\\\/wp-content\\\/uploads\\\/sites\\\/49\\\/2018\\\/05\\\/kyb_fia_world_rallycross-1.jpg\",\"width\":700,\"height\":370},{\"@type\":\"WebSite\",\"@id\":\"https:\\\/\\\/kyb-europe.com\\\/portugal\\\/#website\",\"url\":\"https:\\\/\\\/kyb-europe.com\\\/portugal\\\/\",\"name\":\"Portugu\u00eas\",\"description\":\"Our Precision, Your Advantage\",\"publisher\":{\"@id\":\"https:\\\/\\\/kyb-europe.com\\\/portugal\\\/#organization\"},\"potentialAction\":[{\"@type\":\"SearchAction\",\"target\":{\"@type\":\"EntryPoint\",\"urlTemplate\":\"https:\\\/\\\/kyb-europe.com\\\/portugal\\\/?s={search_term_string}\"},\"query-input\":{\"@type\":\"PropertyValueSpecification\",\"valueRequired\":true,\"valueName\":\"search_term_string\"}}],\"inLanguage\":\"pt-PT\"},{\"@type\":\"Organization\",\"@id\":\"https:\\\/\\\/kyb-europe.com\\\/portugal\\\/#organization\",\"name\":\"Portugu\u00eas\",\"url\":\"https:\\\/\\\/kyb-europe.com\\\/portugal\\\/\",\"logo\":{\"@type\":\"ImageObject\",\"inLanguage\":\"pt-PT\",\"@id\":\"https:\\\/\\\/kyb-europe.com\\\/portugal\\\/#\\\/schema\\\/logo\\\/image\\\/\",\"url\":\"https:\\\/\\\/kyb-europe.com\\\/portugal\\\/wp-content\\\/uploads\\\/sites\\\/49\\\/2016\\\/12\\\/kyb_logo.png\",\"contentUrl\":\"https:\\\/\\\/kyb-europe.com\\\/portugal\\\/wp-content\\\/uploads\\\/sites\\\/49\\\/2016\\\/12\\\/kyb_logo.png\",\"width\":295,\"height\":92,\"caption\":\"Portugu\u00eas\"},\"image\":{\"@id\":\"https:\\\/\\\/kyb-europe.com\\\/portugal\\\/#\\\/schema\\\/logo\\\/image\\\/\"}},{\"@type\":\"Person\",\"@id\":\"https:\\\/\\\/kyb-europe.com\\\/portugal\\\/#\\\/schema\\\/person\\\/ff46991e9eec3c8ee4075b215954a453\",\"name\":\"sueclough\",\"image\":{\"@type\":\"ImageObject\",\"inLanguage\":\"pt-PT\",\"@id\":\"https:\\\/\\\/secure.gravatar.com\\\/avatar\\\/43891ec13d5d8c278782a69cbfddde82f11b9005f84c6f4d816780e3d4f4fa06?s=96&d=mm&r=g\",\"url\":\"https:\\\/\\\/secure.gravatar.com\\\/avatar\\\/43891ec13d5d8c278782a69cbfddde82f11b9005f84c6f4d816780e3d4f4fa06?s=96&d=mm&r=g\",\"contentUrl\":\"https:\\\/\\\/secure.gravatar.com\\\/avatar\\\/43891ec13d5d8c278782a69cbfddde82f11b9005f84c6f4d816780e3d4f4fa06?s=96&d=mm&r=g\",\"caption\":\"sueclough\"},\"url\":\"https:\\\/\\\/kyb-europe.com\\\/portugal\\\/blog\\\/author\\\/sueclough\\\/\"}]}<\/script>\n<!-- \/ Yoast SEO plugin. -->","yoast_head_json":{"title":"A KYB renova o patroc\u00ednio com equipa do FIA World Rallycross - Portugu\u00eas","robots":{"index":"index","follow":"follow","max-snippet":"max-snippet:-1","max-image-preview":"max-image-preview:large","max-video-preview":"max-video-preview:-1"},"canonical":"https:\/\/kyb-europe.com\/portugal\/blog\/kyb-renews-sponsorship-fia-world-rallycross-team\/","og_locale":"pt_PT","og_type":"article","og_title":"A KYB renova o patroc\u00ednio com equipa do FIA World Rallycross - Portugu\u00eas","og_description":"A KYB Corporation renovou o acordo de patroc\u00ednio com a...","og_url":"https:\/\/kyb-europe.com\/portugal\/blog\/kyb-renews-sponsorship-fia-world-rallycross-team\/","og_site_name":"Portugu\u00eas","article_published_time":"2018-05-03T11:09:17+00:00","article_modified_time":"2021-09-13T14:20:29+00:00","og_image":[{"width":700,"height":370,"url":"https:\/\/kyb-europe.com\/portugal\/wp-content\/uploads\/sites\/49\/2018\/05\/kyb_fia_world_rallycross-1.jpg","type":"image\/jpeg"}],"author":"sueclough","twitter_card":"summary_large_image","twitter_misc":{"Escrito por":"sueclough","Tempo estimado de leitura":"2 minutos"},"schema":{"@context":"https:\/\/schema.org","@graph":[{"@type":"Article","@id":"https:\/\/kyb-europe.com\/portugal\/blog\/kyb-renews-sponsorship-fia-world-rallycross-team\/#article","isPartOf":{"@id":"https:\/\/kyb-europe.com\/portugal\/blog\/kyb-renews-sponsorship-fia-world-rallycross-team\/"},"author":{"name":"sueclough","@id":"https:\/\/kyb-europe.com\/portugal\/#\/schema\/person\/ff46991e9eec3c8ee4075b215954a453"},"headline":"A KYB renova o patroc\u00ednio com equipa do FIA World Rallycross","datePublished":"2018-05-03T11:09:17+00:00","dateModified":"2021-09-13T14:20:29+00:00","mainEntityOfPage":{"@id":"https:\/\/kyb-europe.com\/portugal\/blog\/kyb-renews-sponsorship-fia-world-rallycross-team\/"},"wordCount":409,"publisher":{"@id":"https:\/\/kyb-europe.com\/portugal\/#organization"},"image":{"@id":"https:\/\/kyb-europe.com\/portugal\/blog\/kyb-renews-sponsorship-fia-world-rallycross-team\/#primaryimage"},"thumbnailUrl":"https:\/\/kyb-europe.com\/portugal\/wp-content\/uploads\/sites\/49\/2018\/05\/kyb_fia_world_rallycross-1.jpg","articleSection":["Comunicado de imprensa"],"inLanguage":"pt-PT"},{"@type":"WebPage","@id":"https:\/\/kyb-europe.com\/portugal\/blog\/kyb-renews-sponsorship-fia-world-rallycross-team\/","url":"https:\/\/kyb-europe.com\/portugal\/blog\/kyb-renews-sponsorship-fia-world-rallycross-team\/","name":"A KYB renova o patroc\u00ednio com equipa do FIA World Rallycross - Portugu\u00eas","isPartOf":{"@id":"https:\/\/kyb-europe.com\/portugal\/#website"},"primaryImageOfPage":{"@id":"https:\/\/kyb-europe.com\/portugal\/blog\/kyb-renews-sponsorship-fia-world-rallycross-team\/#primaryimage"},"image":{"@id":"https:\/\/kyb-europe.com\/portugal\/blog\/kyb-renews-sponsorship-fia-world-rallycross-team\/#primaryimage"},"thumbnailUrl":"https:\/\/kyb-europe.com\/portugal\/wp-content\/uploads\/sites\/49\/2018\/05\/kyb_fia_world_rallycross-1.jpg","datePublished":"2018-05-03T11:09:17+00:00","dateModified":"2021-09-13T14:20:29+00:00","inLanguage":"pt-PT","potentialAction":[{"@type":"ReadAction","target":["https:\/\/kyb-europe.com\/portugal\/blog\/kyb-renews-sponsorship-fia-world-rallycross-team\/"]}]},{"@type":"ImageObject","inLanguage":"pt-PT","@id":"https:\/\/kyb-europe.com\/portugal\/blog\/kyb-renews-sponsorship-fia-world-rallycross-team\/#primaryimage","url":"https:\/\/kyb-europe.com\/portugal\/wp-content\/uploads\/sites\/49\/2018\/05\/kyb_fia_world_rallycross-1.jpg","contentUrl":"https:\/\/kyb-europe.com\/portugal\/wp-content\/uploads\/sites\/49\/2018\/05\/kyb_fia_world_rallycross-1.jpg","width":700,"height":370},{"@type":"WebSite","@id":"https:\/\/kyb-europe.com\/portugal\/#website","url":"https:\/\/kyb-europe.com\/portugal\/","name":"Portugu\u00eas","description":"Our Precision, Your Advantage","publisher":{"@id":"https:\/\/kyb-europe.com\/portugal\/#organization"},"potentialAction":[{"@type":"SearchAction","target":{"@type":"EntryPoint","urlTemplate":"https:\/\/kyb-europe.com\/portugal\/?s={search_term_string}"},"query-input":{"@type":"PropertyValueSpecification","valueRequired":true,"valueName":"search_term_string"}}],"inLanguage":"pt-PT"},{"@type":"Organization","@id":"https:\/\/kyb-europe.com\/portugal\/#organization","name":"Portugu\u00eas","url":"https:\/\/kyb-europe.com\/portugal\/","logo":{"@type":"ImageObject","inLanguage":"pt-PT","@id":"https:\/\/kyb-europe.com\/portugal\/#\/schema\/logo\/image\/","url":"https:\/\/kyb-europe.com\/portugal\/wp-content\/uploads\/sites\/49\/2016\/12\/kyb_logo.png","contentUrl":"https:\/\/kyb-europe.com\/portugal\/wp-content\/uploads\/sites\/49\/2016\/12\/kyb_logo.png","width":295,"height":92,"caption":"Portugu\u00eas"},"image":{"@id":"https:\/\/kyb-europe.com\/portugal\/#\/schema\/logo\/image\/"}},{"@type":"Person","@id":"https:\/\/kyb-europe.com\/portugal\/#\/schema\/person\/ff46991e9eec3c8ee4075b215954a453","name":"sueclough","image":{"@type":"ImageObject","inLanguage":"pt-PT","@id":"https:\/\/secure.gravatar.com\/avatar\/43891ec13d5d8c278782a69cbfddde82f11b9005f84c6f4d816780e3d4f4fa06?s=96&d=mm&r=g","url":"https:\/\/secure.gravatar.com\/avatar\/43891ec13d5d8c278782a69cbfddde82f11b9005f84c6f4d816780e3d4f4fa06?s=96&d=mm&r=g","contentUrl":"https:\/\/secure.gravatar.com\/avatar\/43891ec13d5d8c278782a69cbfddde82f11b9005f84c6f4d816780e3d4f4fa06?s=96&d=mm&r=g","caption":"sueclough"},"url":"https:\/\/kyb-europe.com\/portugal\/blog\/author\/sueclough\/"}]}},"_links":{"self":[{"href":"https:\/\/kyb-europe.com\/portugal\/wp-json\/wp\/v2\/posts\/227607","targetHints":{"allow":["GET"]}}],"collection":[{"href":"https:\/\/kyb-europe.com\/portugal\/wp-json\/wp\/v2\/posts"}],"about":[{"href":"https:\/\/kyb-europe.com\/portugal\/wp-json\/wp\/v2\/types\/post"}],"author":[{"embeddable":true,"href":"https:\/\/kyb-europe.com\/portugal\/wp-json\/wp\/v2\/users\/3"}],"replies":[{"embeddable":true,"href":"https:\/\/kyb-europe.com\/portugal\/wp-json\/wp\/v2\/comments?post=227607"}],"version-history":[{"count":1,"href":"https:\/\/kyb-europe.com\/portugal\/wp-json\/wp\/v2\/posts\/227607\/revisions"}],"predecessor-version":[{"id":228615,"href":"https:\/\/kyb-europe.com\/portugal\/wp-json\/wp\/v2\/posts\/227607\/revisions\/228615"}],"wp:featuredmedia":[{"embeddable":true,"href":"https:\/\/kyb-europe.com\/portugal\/wp-json\/wp\/v2\/media\/228614"}],"wp:attachment":[{"href":"https:\/\/kyb-europe.com\/portugal\/wp-json\/wp\/v2\/media?parent=227607"}],"wp:term":[{"taxonomy":"category","embeddable":true,"href":"https:\/\/kyb-europe.com\/portugal\/wp-json\/wp\/v2\/categories?post=227607"},{"taxonomy":"post_tag","embeddable":true,"href":"https:\/\/kyb-europe.com\/portugal\/wp-json\/wp\/v2\/tags?post=227607"}],"curies":[{"name":"wp","href":"https:\/\/api.w.org\/{rel}","templated":true}]}}