
{"id":227926,"date":"2019-12-11T15:14:34","date_gmt":"2019-12-11T15:14:34","guid":{"rendered":"https:\/\/kyb-europe.com\/norsk\/?p=227926"},"modified":"2021-09-15T19:50:24","modified_gmt":"2021-09-15T18:50:24","slug":"slutten-av-wrx-sesongen-i-sor-afrika","status":"publish","type":"post","link":"https:\/\/kyb-europe.com\/norsk\/blog\/slutten-av-wrx-sesongen-i-sor-afrika\/","title":{"rendered":"Slutten av WRX sesongen i S\u00f8r-Afrika"},"content":{"rendered":"\r\n<p>Verdensmesterskapet i Rallycross i 2019 vil bli husket i lang tid som et av de mest interessante motorsportsl\u00f8pene i historien. Vi er stolte av at KYB-ingeni\u00f8rer og teknologi klarte \u00e5 st\u00f8tte Andreas Bakkeruds Monster Energy RX Cartel-team.<\/p>\r\n\r\n\r\n\r\n<p>RX Cartel-laget ble p\u00e5meldt og kom inn til turneringen i 2019 i siste \u00f8yeblikk. Med minimal forberedelse var det en suksess \u00e5 kunne ha to f\u00f8rere som klarte \u00e5 n\u00e5 pallen og en debuterende racef\u00f8rer Krisztian Szabo som var st\u00f8ttet av EKS.<\/p>\r\n\r\n\r\n\r\n<p>Briten Liam Doran avsluttet sesongen p\u00e5 den h\u00f8ye 8. plassen med 114 poeng. Den ungarske EKS-f\u00f8reren Krisztian Szabo kom p\u00e5 10. plass med 99 poeng. Monster Energy RX Cartel team tok 3. plassen i den generelle klassifiseringen, med 299 poeng.<\/p>\r\n\r\n\r\n\r\n<p>Nordmannen Andreas Bakkerud og svensken Timmy Hansen avsluttet sesongen etter 196 l\u00f8p med 211 poeng p\u00e5 andreplass basert p\u00e5 antall vunne rundeserie.<\/p>\r\n\r\n\r\n\r\n<p>KYB er en stolt samarbeidspartner av EKS og Monster Energy RX Cartel-lagene som deltar i <em>FIA World Rallycross Championship<\/em> i 2019. Alle tre bilene, mye brukt og kjent i motorsport, var utstyrt med st\u00f8tdempere og elektronisk servostyringssystem (EPS) designet og produsert av KYB.<\/p>\r\n","protected":false},"excerpt":{"rendered":"<p>Verdensmesterskapet i Rallycross i 2019 vil bli husket i lang<a href=\"https:\/\/kyb-europe.com\/norsk\/blog\/slutten-av-wrx-sesongen-i-sor-afrika\/\">&#8230;<\/a><\/p>\n","protected":false},"author":3,"featured_media":224178,"comment_status":"closed","ping_status":"closed","sticky":false,"template":"","format":"standard","meta":{"_acf_changed":false,"footnotes":""},"categories":[1],"tags":[],"class_list":["post-227926","post","type-post","status-publish","format-standard","has-post-thumbnail","hentry","category-pressemelding"],"acf":[],"yoast_head":"<!-- This site is optimized with the Yoast SEO plugin v27.4 - https:\/\/yoast.com\/product\/yoast-seo-wordpress\/ -->\n<title>Slutten av WRX sesongen i S\u00f8r-Afrika - Norsk<\/title>\n<meta name=\"robots\" content=\"index, follow, max-snippet:-1, max-image-preview:large, max-video-preview:-1\" \/>\n<link rel=\"canonical\" href=\"https:\/\/kyb-europe.com\/norsk\/blog\/slutten-av-wrx-sesongen-i-sor-afrika\/\" \/>\n<meta property=\"og:locale\" content=\"nb_NO\" \/>\n<meta property=\"og:type\" content=\"article\" \/>\n<meta property=\"og:title\" content=\"Slutten av WRX sesongen i S\u00f8r-Afrika - Norsk\" \/>\n<meta property=\"og:description\" content=\"Verdensmesterskapet i Rallycross i 2019 vil bli husket i lang...\" \/>\n<meta property=\"og:url\" content=\"https:\/\/kyb-europe.com\/norsk\/blog\/slutten-av-wrx-sesongen-i-sor-afrika\/\" \/>\n<meta property=\"og:site_name\" content=\"Norsk\" \/>\n<meta property=\"article:published_time\" content=\"2019-12-11T15:14:34+00:00\" \/>\n<meta property=\"article:modified_time\" content=\"2021-09-15T18:50:24+00:00\" \/>\n<meta property=\"og:image\" content=\"https:\/\/kyb-europe.com\/norsk\/wp-content\/uploads\/sites\/54\/2019\/12\/WRX-Conclusion-2019.jpg\" \/>\n\t<meta property=\"og:image:width\" content=\"350\" \/>\n\t<meta property=\"og:image:height\" content=\"185\" \/>\n\t<meta property=\"og:image:type\" content=\"image\/jpeg\" \/>\n<meta name=\"author\" content=\"sueclough\" \/>\n<meta name=\"twitter:card\" content=\"summary_large_image\" \/>\n<meta name=\"twitter:label1\" content=\"Skrevet av\" \/>\n\t<meta name=\"twitter:data1\" content=\"sueclough\" \/>\n\t<meta name=\"twitter:label2\" content=\"Ansl. lesetid\" \/>\n\t<meta name=\"twitter:data2\" content=\"1 minutt\" \/>\n<script type=\"application\/ld+json\" class=\"yoast-schema-graph\">{\"@context\":\"https:\\\/\\\/schema.org\",\"@graph\":[{\"@type\":\"Article\",\"@id\":\"https:\\\/\\\/kyb-europe.com\\\/norsk\\\/blog\\\/slutten-av-wrx-sesongen-i-sor-afrika\\\/#article\",\"isPartOf\":{\"@id\":\"https:\\\/\\\/kyb-europe.com\\\/norsk\\\/blog\\\/slutten-av-wrx-sesongen-i-sor-afrika\\\/\"},\"author\":{\"name\":\"sueclough\",\"@id\":\"https:\\\/\\\/kyb-europe.com\\\/norsk\\\/#\\\/schema\\\/person\\\/ff46991e9eec3c8ee4075b215954a453\"},\"headline\":\"Slutten av WRX sesongen i S\u00f8r-Afrika\",\"datePublished\":\"2019-12-11T15:14:34+00:00\",\"dateModified\":\"2021-09-15T18:50:24+00:00\",\"mainEntityOfPage\":{\"@id\":\"https:\\\/\\\/kyb-europe.com\\\/norsk\\\/blog\\\/slutten-av-wrx-sesongen-i-sor-afrika\\\/\"},\"wordCount\":188,\"publisher\":{\"@id\":\"https:\\\/\\\/kyb-europe.com\\\/norsk\\\/#organization\"},\"image\":{\"@id\":\"https:\\\/\\\/kyb-europe.com\\\/norsk\\\/blog\\\/slutten-av-wrx-sesongen-i-sor-afrika\\\/#primaryimage\"},\"thumbnailUrl\":\"https:\\\/\\\/kyb-europe.com\\\/norsk\\\/wp-content\\\/uploads\\\/sites\\\/54\\\/2019\\\/12\\\/WRX-Conclusion-2019.jpg\",\"articleSection\":[\"Pressemelding\"],\"inLanguage\":\"nb-NO\"},{\"@type\":\"WebPage\",\"@id\":\"https:\\\/\\\/kyb-europe.com\\\/norsk\\\/blog\\\/slutten-av-wrx-sesongen-i-sor-afrika\\\/\",\"url\":\"https:\\\/\\\/kyb-europe.com\\\/norsk\\\/blog\\\/slutten-av-wrx-sesongen-i-sor-afrika\\\/\",\"name\":\"Slutten av WRX sesongen i S\u00f8r-Afrika - Norsk\",\"isPartOf\":{\"@id\":\"https:\\\/\\\/kyb-europe.com\\\/norsk\\\/#website\"},\"primaryImageOfPage\":{\"@id\":\"https:\\\/\\\/kyb-europe.com\\\/norsk\\\/blog\\\/slutten-av-wrx-sesongen-i-sor-afrika\\\/#primaryimage\"},\"image\":{\"@id\":\"https:\\\/\\\/kyb-europe.com\\\/norsk\\\/blog\\\/slutten-av-wrx-sesongen-i-sor-afrika\\\/#primaryimage\"},\"thumbnailUrl\":\"https:\\\/\\\/kyb-europe.com\\\/norsk\\\/wp-content\\\/uploads\\\/sites\\\/54\\\/2019\\\/12\\\/WRX-Conclusion-2019.jpg\",\"datePublished\":\"2019-12-11T15:14:34+00:00\",\"dateModified\":\"2021-09-15T18:50:24+00:00\",\"inLanguage\":\"nb-NO\",\"potentialAction\":[{\"@type\":\"ReadAction\",\"target\":[\"https:\\\/\\\/kyb-europe.com\\\/norsk\\\/blog\\\/slutten-av-wrx-sesongen-i-sor-afrika\\\/\"]}]},{\"@type\":\"ImageObject\",\"inLanguage\":\"nb-NO\",\"@id\":\"https:\\\/\\\/kyb-europe.com\\\/norsk\\\/blog\\\/slutten-av-wrx-sesongen-i-sor-afrika\\\/#primaryimage\",\"url\":\"https:\\\/\\\/kyb-europe.com\\\/norsk\\\/wp-content\\\/uploads\\\/sites\\\/54\\\/2019\\\/12\\\/WRX-Conclusion-2019.jpg\",\"contentUrl\":\"https:\\\/\\\/kyb-europe.com\\\/norsk\\\/wp-content\\\/uploads\\\/sites\\\/54\\\/2019\\\/12\\\/WRX-Conclusion-2019.jpg\",\"width\":350,\"height\":185},{\"@type\":\"WebSite\",\"@id\":\"https:\\\/\\\/kyb-europe.com\\\/norsk\\\/#website\",\"url\":\"https:\\\/\\\/kyb-europe.com\\\/norsk\\\/\",\"name\":\"Norsk\",\"description\":\"Our Precision, Your Advantage\",\"publisher\":{\"@id\":\"https:\\\/\\\/kyb-europe.com\\\/norsk\\\/#organization\"},\"potentialAction\":[{\"@type\":\"SearchAction\",\"target\":{\"@type\":\"EntryPoint\",\"urlTemplate\":\"https:\\\/\\\/kyb-europe.com\\\/norsk\\\/?s={search_term_string}\"},\"query-input\":{\"@type\":\"PropertyValueSpecification\",\"valueRequired\":true,\"valueName\":\"search_term_string\"}}],\"inLanguage\":\"nb-NO\"},{\"@type\":\"Organization\",\"@id\":\"https:\\\/\\\/kyb-europe.com\\\/norsk\\\/#organization\",\"name\":\"Norsk\",\"url\":\"https:\\\/\\\/kyb-europe.com\\\/norsk\\\/\",\"logo\":{\"@type\":\"ImageObject\",\"inLanguage\":\"nb-NO\",\"@id\":\"https:\\\/\\\/kyb-europe.com\\\/norsk\\\/#\\\/schema\\\/logo\\\/image\\\/\",\"url\":\"https:\\\/\\\/kyb-europe.com\\\/norsk\\\/wp-content\\\/uploads\\\/sites\\\/54\\\/2016\\\/12\\\/kyb_logo.png\",\"contentUrl\":\"https:\\\/\\\/kyb-europe.com\\\/norsk\\\/wp-content\\\/uploads\\\/sites\\\/54\\\/2016\\\/12\\\/kyb_logo.png\",\"width\":295,\"height\":92,\"caption\":\"Norsk\"},\"image\":{\"@id\":\"https:\\\/\\\/kyb-europe.com\\\/norsk\\\/#\\\/schema\\\/logo\\\/image\\\/\"}},{\"@type\":\"Person\",\"@id\":\"https:\\\/\\\/kyb-europe.com\\\/norsk\\\/#\\\/schema\\\/person\\\/ff46991e9eec3c8ee4075b215954a453\",\"name\":\"sueclough\",\"image\":{\"@type\":\"ImageObject\",\"inLanguage\":\"nb-NO\",\"@id\":\"https:\\\/\\\/secure.gravatar.com\\\/avatar\\\/43891ec13d5d8c278782a69cbfddde82f11b9005f84c6f4d816780e3d4f4fa06?s=96&d=mm&r=g\",\"url\":\"https:\\\/\\\/secure.gravatar.com\\\/avatar\\\/43891ec13d5d8c278782a69cbfddde82f11b9005f84c6f4d816780e3d4f4fa06?s=96&d=mm&r=g\",\"contentUrl\":\"https:\\\/\\\/secure.gravatar.com\\\/avatar\\\/43891ec13d5d8c278782a69cbfddde82f11b9005f84c6f4d816780e3d4f4fa06?s=96&d=mm&r=g\",\"caption\":\"sueclough\"},\"url\":\"https:\\\/\\\/kyb-europe.com\\\/norsk\\\/blog\\\/author\\\/sueclough\\\/\"}]}<\/script>\n<!-- \/ Yoast SEO plugin. -->","yoast_head_json":{"title":"Slutten av WRX sesongen i S\u00f8r-Afrika - Norsk","robots":{"index":"index","follow":"follow","max-snippet":"max-snippet:-1","max-image-preview":"max-image-preview:large","max-video-preview":"max-video-preview:-1"},"canonical":"https:\/\/kyb-europe.com\/norsk\/blog\/slutten-av-wrx-sesongen-i-sor-afrika\/","og_locale":"nb_NO","og_type":"article","og_title":"Slutten av WRX sesongen i S\u00f8r-Afrika - Norsk","og_description":"Verdensmesterskapet i Rallycross i 2019 vil bli husket i lang...","og_url":"https:\/\/kyb-europe.com\/norsk\/blog\/slutten-av-wrx-sesongen-i-sor-afrika\/","og_site_name":"Norsk","article_published_time":"2019-12-11T15:14:34+00:00","article_modified_time":"2021-09-15T18:50:24+00:00","og_image":[{"width":350,"height":185,"url":"https:\/\/kyb-europe.com\/norsk\/wp-content\/uploads\/sites\/54\/2019\/12\/WRX-Conclusion-2019.jpg","type":"image\/jpeg"}],"author":"sueclough","twitter_card":"summary_large_image","twitter_misc":{"Skrevet av":"sueclough","Ansl. lesetid":"1 minutt"},"schema":{"@context":"https:\/\/schema.org","@graph":[{"@type":"Article","@id":"https:\/\/kyb-europe.com\/norsk\/blog\/slutten-av-wrx-sesongen-i-sor-afrika\/#article","isPartOf":{"@id":"https:\/\/kyb-europe.com\/norsk\/blog\/slutten-av-wrx-sesongen-i-sor-afrika\/"},"author":{"name":"sueclough","@id":"https:\/\/kyb-europe.com\/norsk\/#\/schema\/person\/ff46991e9eec3c8ee4075b215954a453"},"headline":"Slutten av WRX sesongen i S\u00f8r-Afrika","datePublished":"2019-12-11T15:14:34+00:00","dateModified":"2021-09-15T18:50:24+00:00","mainEntityOfPage":{"@id":"https:\/\/kyb-europe.com\/norsk\/blog\/slutten-av-wrx-sesongen-i-sor-afrika\/"},"wordCount":188,"publisher":{"@id":"https:\/\/kyb-europe.com\/norsk\/#organization"},"image":{"@id":"https:\/\/kyb-europe.com\/norsk\/blog\/slutten-av-wrx-sesongen-i-sor-afrika\/#primaryimage"},"thumbnailUrl":"https:\/\/kyb-europe.com\/norsk\/wp-content\/uploads\/sites\/54\/2019\/12\/WRX-Conclusion-2019.jpg","articleSection":["Pressemelding"],"inLanguage":"nb-NO"},{"@type":"WebPage","@id":"https:\/\/kyb-europe.com\/norsk\/blog\/slutten-av-wrx-sesongen-i-sor-afrika\/","url":"https:\/\/kyb-europe.com\/norsk\/blog\/slutten-av-wrx-sesongen-i-sor-afrika\/","name":"Slutten av WRX sesongen i S\u00f8r-Afrika - Norsk","isPartOf":{"@id":"https:\/\/kyb-europe.com\/norsk\/#website"},"primaryImageOfPage":{"@id":"https:\/\/kyb-europe.com\/norsk\/blog\/slutten-av-wrx-sesongen-i-sor-afrika\/#primaryimage"},"image":{"@id":"https:\/\/kyb-europe.com\/norsk\/blog\/slutten-av-wrx-sesongen-i-sor-afrika\/#primaryimage"},"thumbnailUrl":"https:\/\/kyb-europe.com\/norsk\/wp-content\/uploads\/sites\/54\/2019\/12\/WRX-Conclusion-2019.jpg","datePublished":"2019-12-11T15:14:34+00:00","dateModified":"2021-09-15T18:50:24+00:00","inLanguage":"nb-NO","potentialAction":[{"@type":"ReadAction","target":["https:\/\/kyb-europe.com\/norsk\/blog\/slutten-av-wrx-sesongen-i-sor-afrika\/"]}]},{"@type":"ImageObject","inLanguage":"nb-NO","@id":"https:\/\/kyb-europe.com\/norsk\/blog\/slutten-av-wrx-sesongen-i-sor-afrika\/#primaryimage","url":"https:\/\/kyb-europe.com\/norsk\/wp-content\/uploads\/sites\/54\/2019\/12\/WRX-Conclusion-2019.jpg","contentUrl":"https:\/\/kyb-europe.com\/norsk\/wp-content\/uploads\/sites\/54\/2019\/12\/WRX-Conclusion-2019.jpg","width":350,"height":185},{"@type":"WebSite","@id":"https:\/\/kyb-europe.com\/norsk\/#website","url":"https:\/\/kyb-europe.com\/norsk\/","name":"Norsk","description":"Our Precision, Your Advantage","publisher":{"@id":"https:\/\/kyb-europe.com\/norsk\/#organization"},"potentialAction":[{"@type":"SearchAction","target":{"@type":"EntryPoint","urlTemplate":"https:\/\/kyb-europe.com\/norsk\/?s={search_term_string}"},"query-input":{"@type":"PropertyValueSpecification","valueRequired":true,"valueName":"search_term_string"}}],"inLanguage":"nb-NO"},{"@type":"Organization","@id":"https:\/\/kyb-europe.com\/norsk\/#organization","name":"Norsk","url":"https:\/\/kyb-europe.com\/norsk\/","logo":{"@type":"ImageObject","inLanguage":"nb-NO","@id":"https:\/\/kyb-europe.com\/norsk\/#\/schema\/logo\/image\/","url":"https:\/\/kyb-europe.com\/norsk\/wp-content\/uploads\/sites\/54\/2016\/12\/kyb_logo.png","contentUrl":"https:\/\/kyb-europe.com\/norsk\/wp-content\/uploads\/sites\/54\/2016\/12\/kyb_logo.png","width":295,"height":92,"caption":"Norsk"},"image":{"@id":"https:\/\/kyb-europe.com\/norsk\/#\/schema\/logo\/image\/"}},{"@type":"Person","@id":"https:\/\/kyb-europe.com\/norsk\/#\/schema\/person\/ff46991e9eec3c8ee4075b215954a453","name":"sueclough","image":{"@type":"ImageObject","inLanguage":"nb-NO","@id":"https:\/\/secure.gravatar.com\/avatar\/43891ec13d5d8c278782a69cbfddde82f11b9005f84c6f4d816780e3d4f4fa06?s=96&d=mm&r=g","url":"https:\/\/secure.gravatar.com\/avatar\/43891ec13d5d8c278782a69cbfddde82f11b9005f84c6f4d816780e3d4f4fa06?s=96&d=mm&r=g","contentUrl":"https:\/\/secure.gravatar.com\/avatar\/43891ec13d5d8c278782a69cbfddde82f11b9005f84c6f4d816780e3d4f4fa06?s=96&d=mm&r=g","caption":"sueclough"},"url":"https:\/\/kyb-europe.com\/norsk\/blog\/author\/sueclough\/"}]}},"_links":{"self":[{"href":"https:\/\/kyb-europe.com\/norsk\/wp-json\/wp\/v2\/posts\/227926","targetHints":{"allow":["GET"]}}],"collection":[{"href":"https:\/\/kyb-europe.com\/norsk\/wp-json\/wp\/v2\/posts"}],"about":[{"href":"https:\/\/kyb-europe.com\/norsk\/wp-json\/wp\/v2\/types\/post"}],"author":[{"embeddable":true,"href":"https:\/\/kyb-europe.com\/norsk\/wp-json\/wp\/v2\/users\/3"}],"replies":[{"embeddable":true,"href":"https:\/\/kyb-europe.com\/norsk\/wp-json\/wp\/v2\/comments?post=227926"}],"version-history":[{"count":1,"href":"https:\/\/kyb-europe.com\/norsk\/wp-json\/wp\/v2\/posts\/227926\/revisions"}],"predecessor-version":[{"id":228059,"href":"https:\/\/kyb-europe.com\/norsk\/wp-json\/wp\/v2\/posts\/227926\/revisions\/228059"}],"wp:featuredmedia":[{"embeddable":true,"href":"https:\/\/kyb-europe.com\/norsk\/wp-json\/wp\/v2\/media\/224178"}],"wp:attachment":[{"href":"https:\/\/kyb-europe.com\/norsk\/wp-json\/wp\/v2\/media?parent=227926"}],"wp:term":[{"taxonomy":"category","embeddable":true,"href":"https:\/\/kyb-europe.com\/norsk\/wp-json\/wp\/v2\/categories?post=227926"},{"taxonomy":"post_tag","embeddable":true,"href":"https:\/\/kyb-europe.com\/norsk\/wp-json\/wp\/v2\/tags?post=227926"}],"curies":[{"name":"wp","href":"https:\/\/api.w.org\/{rel}","templated":true}]}}